{"id":481954,"date":"2020-10-05T00:03:31","date_gmt":"2020-10-05T05:03:31","guid":{"rendered":"https:\/\/www.diarioimagen.net\/?p=481954"},"modified":"2020-10-04T23:30:52","modified_gmt":"2020-10-05T04:30:52","slug":"entrega-patricia-duran-en-naucalpan-un-parque-rehabilitado-en-las-huertas","status":"publish","type":"post","link":"https:\/\/www.diarioimagen.net\/?p=481954","title":{"rendered":"Entrega Patricia Dur\u00e1n, en Naucalpan,\u00a0un parque rehabilitado en Las Huertas\u00a0"},"content":{"rendered":"<p>&nbsp;<\/p>\n<ul>\n<li><em><b>Mejoramiento de la imagen urbana<\/b><\/em><\/li>\n<\/ul>\n<p>&nbsp;<\/p>\n<div id=\"attachment_481955\" style=\"width: 454px\" class=\"wp-caption aligncenter\"><img loading=\"lazy\" decoding=\"async\" aria-describedby=\"caption-attachment-481955\" class=\"wp-image-481955\" src=\"https:\/\/www.diarioimagen.net\/wp-content\/uploads\/2020\/10\/CAMACHO5-bpor.jpg\" alt=\"\" width=\"444\" height=\"259\" \/><p id=\"caption-attachment-481955\" class=\"wp-caption-text\">La alcaldesa Patricia Dur\u00e1n Reveles, entreg\u00f3 a los vecinos de la colonia Las Huertas Primera Secci\u00f3n la rehabilitaci\u00f3n del Parque Barranca de Allende.<\/p><\/div>\n<p>&nbsp;<\/p>\n<p><strong>Naucalpan, Estado de M\u00e9xico<\/strong>.- Como parte del mejoramiento de la imagen urbana y para fomentar la convivencia familiar, la Presidenta Municipal, Patricia Dur\u00e1n Reveles, entreg\u00f3 a los vecinos de la colonia Las Huertas Primera Secci\u00f3n la rehabilitaci\u00f3n del Parque Barranca de Allende.<\/p>\n<p>El espacio cuenta con m\u00e1s de 593 metros cuadrados y las obras beneficiar\u00e1n a una poblaci\u00f3n de mil 325 habitantes. Esta es la tercera entrega de parques de esparcimiento que la Mun\u00edcipe hace en poco menos de un mes.<\/p>\n<p>En el acto, la alcaldesa destac\u00f3 el trabajo que el Gobierno de Naucalpan realiza a favor de la Seguridad Humana, particularmente en el eje de Seguridad Comunitaria, al recuperar espacios para fortalecer el tejido social.<\/p>\n<p>\u201cCuando tenemos una infancia feliz, realmente cualquier cosa que se nos ponga en la vida, lo que sea, ya como adultos, somos capaces de enfrentarlo porque tuvimos un crecimiento y un desarrollo estable\u201d, dijo Dur\u00e1n Reveles.<\/p>\n<p>Asimismo, destac\u00f3 la rehabilitaci\u00f3n de los juegos infantiles y de la cancha, y ofreci\u00f3 implementar actividades deportivas y culturales para la comunidad.<\/p>\n<p>Por su parte, el Secretario de Servicios P\u00fablicos, Carlos Trujillo Anell, inform\u00f3 que los trabajos incluyeron la instalaci\u00f3n de una malla cicl\u00f3nica alrededor del parque y se complet\u00f3 el gimnasio al aire libre.<\/p>\n<p>Se pusieron tres postes con siete luminarias de luz led ahorradoras de energ\u00eda y mesas de convivencia, adem\u00e1s, se llevaron a cabo trabajos de reparaci\u00f3n y balizamiento de guarniciones de concreto, desyerbe y limpieza del terreno.<\/p>\n<p>El vecino Eduardo Aguirre Delgado, quien lleva 30 a\u00f1os viviendo en Las Huertas, resalt\u00f3 la importancia de inculcar valores en la familia, como el respeto.<\/p>\n<p>\u201cLa sociedad se ha deteriorado por los valores que cada madre y padre les da a sus hijos. Lo que hoy vemos hace 20 a\u00f1os no suced\u00eda. Hace 20 a\u00f1os todos respet\u00e1bamos a nuestros mayores, los padres ped\u00edan perd\u00f3n por lo que nuestros hijos hicieran e \u00edbamos y dec\u00edamos a nuestros hijos c\u00f3mo deb\u00edan comportarse. Hoy eso se ha perdido y debemos recuperarlo\u201d, se\u00f1al\u00f3.<\/p>\n<p>El Parque Barranca de Allende se suma al Parque Del \u00c1rbol, en la Colonia M\u00e9xico 68, y al Parque Camino Nacional, de la Colonia Lomas de San Agust\u00edn, lugares que han sido entregados en menos de un mes por la Mun\u00edcipe.<\/p>\n","protected":false},"excerpt":{"rendered":"<p>Como parte del mejoramiento de la imagen urbana y para fomentar la convivencia familiar, la Presidenta Municipal, Patricia Dur\u00e1n Reveles, entreg\u00f3 a los vecinos de la colonia Las Huertas Primera Secci\u00f3n la rehabilitaci\u00f3n del Parque Barranca de Allende.<\/p>\n","protected":false},"author":1,"featured_media":481955,"comment_status":"open","ping_status":"open","sticky":false,"template":"","format":"standard","meta":{"_monsterinsights_skip_tracking":false,"_monsterinsights_sitenote_active":false,"_monsterinsights_sitenote_note":"","_monsterinsights_sitenote_category":0,"footnotes":""},"categories":[5],"tags":[43675,970],"class_list":["post-481954","post","type-post","status-publish","format-standard","has-post-thumbnail","hentry","category-estado-de-mexico","tag-estado-de-mexico","tag-naucalpan"],"_links":{"self":[{"href":"https:\/\/www.diarioimagen.net\/index.php?rest_route=\/wp\/v2\/posts\/481954","targetHints":{"allow":["GET"]}}],"collection":[{"href":"https:\/\/www.diarioimagen.net\/index.php?rest_route=\/wp\/v2\/posts"}],"about":[{"href":"https:\/\/www.diarioimagen.net\/index.php?rest_route=\/wp\/v2\/types\/post"}],"author":[{"embeddable":true,"href":"https:\/\/www.diarioimagen.net\/index.php?rest_route=\/wp\/v2\/users\/1"}],"replies":[{"embeddable":true,"href":"https:\/\/www.diarioimagen.net\/index.php?rest_route=%2Fwp%2Fv2%2Fcomments&post=481954"}],"version-history":[{"count":0,"href":"https:\/\/www.diarioimagen.net\/index.php?rest_route=\/wp\/v2\/posts\/481954\/revisions"}],"wp:featuredmedia":[{"embeddable":true,"href":"https:\/\/www.diarioimagen.net\/index.php?rest_route=\/wp\/v2\/media\/481955"}],"wp:attachment":[{"href":"https:\/\/www.diarioimagen.net\/index.php?rest_route=%2Fwp%2Fv2%2Fmedia&parent=481954"}],"wp:term":[{"taxonomy":"category","embeddable":true,"href":"https:\/\/www.diarioimagen.net\/index.php?rest_route=%2Fwp%2Fv2%2Fcategories&post=481954"},{"taxonomy":"post_tag","embeddable":true,"href":"https:\/\/www.diarioimagen.net\/index.php?rest_route=%2Fwp%2Fv2%2Ftags&post=481954"}],"curies":[{"name":"wp","href":"https:\/\/api.w.org\/{rel}","templated":true}]}}