{"id":482293,"date":"2020-10-07T00:03:25","date_gmt":"2020-10-07T05:03:25","guid":{"rendered":"https:\/\/www.diarioimagen.net\/?p=482293"},"modified":"2020-10-07T00:08:53","modified_gmt":"2020-10-07T05:08:53","slug":"presidente-preocupado","status":"publish","type":"post","link":"https:\/\/www.diarioimagen.net\/?p=482293","title":{"rendered":"Presidente preocupado"},"content":{"rendered":"<h2>Perfil de M\u00e9xico<\/h2>\n<h5>Armando R\u00edos Ruiz<\/h5>\n<p>&nbsp;<\/p>\n<p>Llama la atenci\u00f3n escuchar al Presidente preocupado por la frase emitida por el escritor Francisco Mart\u00edn Moreno, autor de varios libros de historia, como <em>M\u00e9xico Negro<\/em> y otros igualmente escritos de manera magistral, amena, puntual, que de ninguna manera comparto, aunque la justifico porque s\u00e9 que la dijo sin af\u00e1n de quererlo sinceramente.<\/p>\n<p>La expres\u00f3 impelido por el coraje que siente, como millones de mexicanos, por los disparates que todos los d\u00edas se cometen desde Palacio Nacional y que ante la m\u00ednima cr\u00edtica, los simpatizantes del m\u00e1ximo mandatario se apresuran a descalificar de la manera m\u00e1s burda, corriente, sin el m\u00ednimo dejo de ingenio y de inteligencia y para acabarla, con todas las faltas de ortograf\u00eda que ofenden al entendimiento e inclusive a la vista.<\/p>\n<p>Por muy pesados e ignorantes que se exhiben, nadie ser\u00eda capaz de querer de veras el m\u00ednimo da\u00f1o para nuestros compatriotas, alejados de quienes no piensan igual, rijosos y ofensivos, porque est\u00e1n convencidos de que quien gobierna ahora es el m\u00e1ximo exponente de ideas trascendentales. Para ellos, es un ejemplo a seguir y ni hablar.<\/p>\n<p>Despu\u00e9s de proponer la quema de morenistas en el Z\u00f3calo, que ni siquiera podr\u00eda llevarse a cabo porque los partidarios de FRENAAA lo tienen ocupado, el novelista ofreci\u00f3 una disculpa que parece no haber aceptado el mandatario. A pesar de ello pronunci\u00f3 una oleada de cr\u00edticas en las que para variar, calific\u00f3 al literato de conservador.<\/p>\n<p>Pero si vemos las cosas como son, \u00bfqui\u00e9n se ha empe\u00f1ado desde hace dos a\u00f1os en dividir a los mexicanos? \u00bfQui\u00e9n, un d\u00eda s\u00ed y otro tambi\u00e9n, muestra un empe\u00f1o incansable en separar, en descalificar desde las conferencias matutinas a los que critican su gobierno? \u00bfAcaso esto no ocurre en todos los pa\u00edses del mundo en donde se respeta cabalmente la libertad de expresi\u00f3n?<\/p>\n<p>\u00bfNo es en M\u00e9xico, en donde se ha impuesto, a partir de este gobierno, una manera sui g\u00e9neris de tratar a quienes se dedican a publicar su forma particular de apreciar la actual gobernanza, se\u00f1alados de neoliberales y conservadores s\u00f3lo por el hecho de no estar de acuerdo con el gobernante?<\/p>\n<p>\u00bfNo es en las conferencias diarias en donde se critica \u00e1cidamente a los periodistas, con nombre y apellido y hasta se insta para que otros imiten? Ya no es posible pronunciar la palabra \u201cperiodista\u201d, sin que el chairo m\u00e1s pr\u00f3ximo le agregue de manera inmediata y autom\u00e1tica \u201cchayotero\u201d, porque as\u00ed reza hoy el nuevo catecismo presidencial.<\/p>\n<p>\u00bfNo fue en una de ellas en donde se dio cuenta pormenorizada de las columnas, en contra, a favor y neutrales? \u00bfPor qu\u00e9 no fue capaz de peguntarse, como cualquiera persona inteligente lo hubiera hecho: \u201cen qu\u00e9 estoy fallando\u201d, para corregir?<\/p>\n<p>\u00bfPor qu\u00e9 a nuestro Presidente no le preocupa el odio que \u00e9l mismo ha engendrado en los mexicanos con sus descalificaciones diarias y abiertas? Ahora, hasta en las familias hay distanciamientos. Conozco matrimonios divididos, esposo contra esposa, hijos que discuten con el padre, hermanos contra hermanos, como jam\u00e1s ocurri\u00f3 antes, porque no cesan las c\u00e1tedras desde Palacio Nacional.<\/p>\n<p>La frase que \u00e9l mismo pronunci\u00f3: \u201cNo les gusta que haya justicia, que haya igualdad\u201d,\u00a0 le viene mejor a \u00e9l. Una vez pregunt\u00f3 \u201c\u00bfQu\u00e9 vamos a hacer con los ricos\u2026?\u201d Dej\u00f3 translucir un odio enorme para \u00e9stos y sin embargo, nadie se horroriz\u00f3. Es claro que no ve a todos iguales. Los pobres son sus preferidos, porque aportan votos aunque resulten demasiado caros. Los ricos no necesitan su dinero y adem\u00e1s, piensan de otra manera.<\/p>\n<p><a href=\"mailto:ariosruiz@gmail.com\" target=\"_blank\" rel=\"noopener noreferrer\"><em>ariosruiz@gmail.com<\/em><\/a><\/p>\n","protected":false},"excerpt":{"rendered":"<p><span style=\"color: #005497;\"><strong>Armando R\u00edos Ruiz<\/strong><\/span><\/p>\n","protected":false},"author":3,"featured_media":0,"comment_status":"open","ping_status":"open","sticky":false,"template":"","format":"standard","meta":{"_monsterinsights_skip_tracking":false,"_monsterinsights_sitenote_active":false,"_monsterinsights_sitenote_note":"","_monsterinsights_sitenote_category":0,"footnotes":""},"categories":[88405],"tags":[],"class_list":["post-482293","post","type-post","status-publish","format-standard","hentry","category-armando-rios-ruiz"],"_links":{"self":[{"href":"https:\/\/www.diarioimagen.net\/index.php?rest_route=\/wp\/v2\/posts\/482293","targetHints":{"allow":["GET"]}}],"collection":[{"href":"https:\/\/www.diarioimagen.net\/index.php?rest_route=\/wp\/v2\/posts"}],"about":[{"href":"https:\/\/www.diarioimagen.net\/index.php?rest_route=\/wp\/v2\/types\/post"}],"author":[{"embeddable":true,"href":"https:\/\/www.diarioimagen.net\/index.php?rest_route=\/wp\/v2\/users\/3"}],"replies":[{"embeddable":true,"href":"https:\/\/www.diarioimagen.net\/index.php?rest_route=%2Fwp%2Fv2%2Fcomments&post=482293"}],"version-history":[{"count":0,"href":"https:\/\/www.diarioimagen.net\/index.php?rest_route=\/wp\/v2\/posts\/482293\/revisions"}],"wp:attachment":[{"href":"https:\/\/www.diarioimagen.net\/index.php?rest_route=%2Fwp%2Fv2%2Fmedia&parent=482293"}],"wp:term":[{"taxonomy":"category","embeddable":true,"href":"https:\/\/www.diarioimagen.net\/index.php?rest_route=%2Fwp%2Fv2%2Fcategories&post=482293"},{"taxonomy":"post_tag","embeddable":true,"href":"https:\/\/www.diarioimagen.net\/index.php?rest_route=%2Fwp%2Fv2%2Ftags&post=482293"}],"curies":[{"name":"wp","href":"https:\/\/api.w.org\/{rel}","templated":true}]}}