{"id":482614,"date":"2020-10-09T00:05:44","date_gmt":"2020-10-09T05:05:44","guid":{"rendered":"https:\/\/www.diarioimagen.net\/?p=482614"},"modified":"2020-10-09T02:15:35","modified_gmt":"2020-10-09T07:15:35","slug":"raciel-perez-cruz-presidente-de-la-asociacion-nacional-de-zonas-metropolitanas","status":"publish","type":"post","link":"https:\/\/www.diarioimagen.net\/?p=482614","title":{"rendered":"Raciel P\u00e9rez Cruz, presidente de la\u00a0Asociaci\u00f3n Nacional\u00a0de Zonas Metropolitanas"},"content":{"rendered":"<p>&nbsp;<\/p>\n<p><img loading=\"lazy\" decoding=\"async\" class=\"aligncenter size-full wp-image-482615\" src=\"https:\/\/www.diarioimagen.net\/wp-content\/uploads\/2020\/10\/CAMACHO9-d-por.jpg\" alt=\"\" width=\"460\" height=\"270\" \/><\/p>\n<p>&nbsp;<\/p>\n<p><strong>Tlalnepantla, Estado de M\u00e9xico<\/strong><b>.-<\/b> El alcalde Raciel P\u00e9rez Cruz, rindi\u00f3 protesta como Presidente de la Asociaci\u00f3n Nacional de Zonas Metropolitanas, en el marco de la mesa de trabajo de la Confederaci\u00f3n Nacional de Municipios de M\u00e9xico (CONAMM).<\/p>\n<p>Como presidente de esta asociaci\u00f3n, P\u00e9rez Cruz representar\u00e1 a las zonas metropolitanas ante la Asociaci\u00f3n Nacional de Alcaldes (ANAC), Federaci\u00f3n Nacional de Municipios de M\u00e9xico (FENAMM), Asociaci\u00f3n de Autoridades Locales de M\u00e9xico A.C. (AALMAC), que tambi\u00e9n integran la CONAMM.<\/p>\n","protected":false},"excerpt":{"rendered":"<p>El alcalde Raciel P\u00e9rez Cruz, rindi\u00f3 protesta como Presidente de la Asociaci\u00f3n Nacional de Zonas Metropolitanas, en el marco de la mesa de trabajo de la Confederaci\u00f3n Nacional de Municipios de M\u00e9xico (CONAMM).<\/p>\n","protected":false},"author":1,"featured_media":482615,"comment_status":"open","ping_status":"open","sticky":false,"template":"","format":"standard","meta":{"_monsterinsights_skip_tracking":false,"_monsterinsights_sitenote_active":false,"_monsterinsights_sitenote_note":"","_monsterinsights_sitenote_category":0,"footnotes":""},"categories":[5],"tags":[43675,169],"class_list":["post-482614","post","type-post","status-publish","format-standard","has-post-thumbnail","hentry","category-estado-de-mexico","tag-estado-de-mexico","tag-tlalnepantla"],"_links":{"self":[{"href":"https:\/\/www.diarioimagen.net\/index.php?rest_route=\/wp\/v2\/posts\/482614","targetHints":{"allow":["GET"]}}],"collection":[{"href":"https:\/\/www.diarioimagen.net\/index.php?rest_route=\/wp\/v2\/posts"}],"about":[{"href":"https:\/\/www.diarioimagen.net\/index.php?rest_route=\/wp\/v2\/types\/post"}],"author":[{"embeddable":true,"href":"https:\/\/www.diarioimagen.net\/index.php?rest_route=\/wp\/v2\/users\/1"}],"replies":[{"embeddable":true,"href":"https:\/\/www.diarioimagen.net\/index.php?rest_route=%2Fwp%2Fv2%2Fcomments&post=482614"}],"version-history":[{"count":0,"href":"https:\/\/www.diarioimagen.net\/index.php?rest_route=\/wp\/v2\/posts\/482614\/revisions"}],"wp:featuredmedia":[{"embeddable":true,"href":"https:\/\/www.diarioimagen.net\/index.php?rest_route=\/wp\/v2\/media\/482615"}],"wp:attachment":[{"href":"https:\/\/www.diarioimagen.net\/index.php?rest_route=%2Fwp%2Fv2%2Fmedia&parent=482614"}],"wp:term":[{"taxonomy":"category","embeddable":true,"href":"https:\/\/www.diarioimagen.net\/index.php?rest_route=%2Fwp%2Fv2%2Fcategories&post=482614"},{"taxonomy":"post_tag","embeddable":true,"href":"https:\/\/www.diarioimagen.net\/index.php?rest_route=%2Fwp%2Fv2%2Ftags&post=482614"}],"curies":[{"name":"wp","href":"https:\/\/api.w.org\/{rel}","templated":true}]}}