{"id":482717,"date":"2020-10-09T00:05:49","date_gmt":"2020-10-09T05:05:49","guid":{"rendered":"https:\/\/www.diarioimagen.net\/?p=482717"},"modified":"2020-10-12T03:57:09","modified_gmt":"2020-10-12T08:57:09","slug":"alfredo-barrera-entrego-squash-y-sala-de-maestros-en-prepa-2","status":"publish","type":"post","link":"https:\/\/www.diarioimagen.net\/?p=482717","title":{"rendered":"Alfredo Barrera entreg\u00f3 squash y sala de maestros en Prepa 2 \u00a0"},"content":{"rendered":"<p>&nbsp;<\/p>\n<ul>\n<li><em><strong>En el Plantel \u201cNezahualc\u00f3yotl\u201d<\/strong><\/em><\/li>\n<\/ul>\n<p>&nbsp;<\/p>\n<div id=\"attachment_482733\" style=\"width: 470px\" class=\"wp-caption aligncenter\"><a href=\"https:\/\/www.diarioimagen.net\/?attachment_id=482733\" rel=\"attachment wp-att-482733\"><img loading=\"lazy\" decoding=\"async\" aria-describedby=\"caption-attachment-482733\" class=\"size-full wp-image-482733\" src=\"https:\/\/www.diarioimagen.net\/wp-content\/uploads\/2020\/10\/UAEM9.jpg\" alt=\"\" width=\"460\" height=\"270\" \/><\/a><p id=\"caption-attachment-482733\" class=\"wp-caption-text\">El rector de la UAEM, Alfredo Barrera, encabez\u00f3 el primer informe anual de actividades de la directora del Plantel \u201cNezahualc\u00f3yotl\u201d de la Escuela Preparatoria, Asela Monserrat M\u00e1rquez Ram\u00edrez.<\/p><\/div>\n<p>&nbsp;<\/p>\n<p><strong>Toluca, Estado de M\u00e9xico.\u2013 <\/strong>La comunidad de la Universidad Aut\u00f3noma del Estado de M\u00e9xico trabaja con intensidad para afrontar desaf\u00edos in\u00e9ditos jam\u00e1s vistos en d\u00e9cadas y mediante nuevas actitudes para dialogar y aprender, estudiantes y docentes innovan los procesos de ense\u00f1anza-aprendizaje para reducir las distancias en aulas virtuales, afirm\u00f3 el rector Alfredo Barrera Baca.<\/p>\n<p>Al encabezar el primer informe anual de actividades de la directora del Plantel \u201cNezahualc\u00f3yotl\u201d de la Escuela Preparatoria, Asela Monserrat M\u00e1rquez Ram\u00edrez, el rector expres\u00f3 que este acto de transparencia y rendici\u00f3n de cuentas es una de las caracter\u00edsticas y obligaciones de la comunidad universitaria, que adem\u00e1s permite conocer, en este caso, las fortalezas y debilidades detectadas durante el primer a\u00f1o de trabajo de su gesti\u00f3n.<\/p>\n<p>Antes de develar las placas conmemorativas a la remodelaci\u00f3n y equipamiento de la sala de maestros y la cancha de squash, recuperada y rehabilitada para contribuir con la formaci\u00f3n integral de los j\u00f3venes deportistas de Prepa 2, el rector asever\u00f3 que \u201clos universitarios afrontamos fuertes din\u00e1micas que urgen adaptarnos a la nueva cotidianidad, a renovar nuestro entorno inmediato y actuar en consecuencia, que nos obligan a resurgir frente a las dif\u00edciles condiciones impuestas por una pandemia que sacude los sistemas sociales del planeta y a todas sus instituciones\u201d.<\/p>\n<p>Alfredo Barrera sostuvo que \u201cadecuarnos para resistir es un imperativo irrenunciable que debemos atender con \u00e9xito y plenitud, lo contrario implicar\u00eda retroceder como instituci\u00f3n y peor a\u00fan, conducir al fracaso a la juventud que conf\u00eda en nosotros\u201d.<\/p>\n<p>Al dar cuenta de los logros y metas alcanzadas durante su primer a\u00f1o de gesti\u00f3n, as\u00ed como los retos y desaf\u00edos por enfrentar, Asela Monserrat M\u00e1rquez Ram\u00edrez inform\u00f3 que fueron entregadas dos mil 637 becas, lo que representa una cobertura de 92.4 por ciento de la matr\u00edcula estudiantil.<\/p>\n<p>Tambi\u00e9n destac\u00f3 el crecimiento de 11.6 por ciento de la matr\u00edcula, que pas\u00f3 de dos mil 765 a tres mil 087 estudiantes, y la cantidad de docentes con posgrado con que cuenta este espacio universitario.<\/p>\n<p>En el Plantel \u201cNezahualc\u00f3yotl\u201d de la Escuela Preparatoria, dijo, asumimos el reto de mantener la calidad de los estudios que se imparten y entendemos la mejora como un proceso permanente.<\/p>\n","protected":false},"excerpt":{"rendered":"<p>La comunidad de la Universidad Aut\u00f3noma del Estado de M\u00e9xico trabaja con intensidad para afrontar desaf\u00edos in\u00e9ditos jam\u00e1s vistos en d\u00e9cadas y mediante nuevas actitudes para dialogar y aprender, estudiantes y docentes innovan los procesos de ense\u00f1anza-aprendizaje para reducir las distancias en aulas virtuales, afirm\u00f3 el rector Alfredo Barrera Baca.<\/p>\n","protected":false},"author":3,"featured_media":482733,"comment_status":"open","ping_status":"open","sticky":false,"template":"","format":"standard","meta":{"_monsterinsights_skip_tracking":false,"_monsterinsights_sitenote_active":false,"_monsterinsights_sitenote_note":"","_monsterinsights_sitenote_category":0,"footnotes":""},"categories":[5],"tags":[58572,43675,91731,91730,452,1491],"class_list":["post-482717","post","type-post","status-publish","format-standard","has-post-thumbnail","hentry","category-estado-de-mexico","tag-alfredo-barrera-baca","tag-estado-de-mexico","tag-prepa-2","tag-squash","tag-toluca","tag-uaem"],"_links":{"self":[{"href":"https:\/\/www.diarioimagen.net\/index.php?rest_route=\/wp\/v2\/posts\/482717","targetHints":{"allow":["GET"]}}],"collection":[{"href":"https:\/\/www.diarioimagen.net\/index.php?rest_route=\/wp\/v2\/posts"}],"about":[{"href":"https:\/\/www.diarioimagen.net\/index.php?rest_route=\/wp\/v2\/types\/post"}],"author":[{"embeddable":true,"href":"https:\/\/www.diarioimagen.net\/index.php?rest_route=\/wp\/v2\/users\/3"}],"replies":[{"embeddable":true,"href":"https:\/\/www.diarioimagen.net\/index.php?rest_route=%2Fwp%2Fv2%2Fcomments&post=482717"}],"version-history":[{"count":0,"href":"https:\/\/www.diarioimagen.net\/index.php?rest_route=\/wp\/v2\/posts\/482717\/revisions"}],"wp:featuredmedia":[{"embeddable":true,"href":"https:\/\/www.diarioimagen.net\/index.php?rest_route=\/wp\/v2\/media\/482733"}],"wp:attachment":[{"href":"https:\/\/www.diarioimagen.net\/index.php?rest_route=%2Fwp%2Fv2%2Fmedia&parent=482717"}],"wp:term":[{"taxonomy":"category","embeddable":true,"href":"https:\/\/www.diarioimagen.net\/index.php?rest_route=%2Fwp%2Fv2%2Fcategories&post=482717"},{"taxonomy":"post_tag","embeddable":true,"href":"https:\/\/www.diarioimagen.net\/index.php?rest_route=%2Fwp%2Fv2%2Ftags&post=482717"}],"curies":[{"name":"wp","href":"https:\/\/api.w.org\/{rel}","templated":true}]}}