{"id":482769,"date":"2020-10-12T00:03:59","date_gmt":"2020-10-12T05:03:59","guid":{"rendered":"https:\/\/www.diarioimagen.net\/?p=482769"},"modified":"2020-10-12T03:00:57","modified_gmt":"2020-10-12T08:00:57","slug":"regularizacion-de-titulos-de-propiedad-en-beneficio-de-las-familias-de-tultitlan","status":"publish","type":"post","link":"https:\/\/www.diarioimagen.net\/?p=482769","title":{"rendered":"Regularizaci\u00f3n de t\u00edtulos de propiedad\u00a0en beneficio de las familias de Tultitl\u00e1n"},"content":{"rendered":"<p>&nbsp;<\/p>\n<ul>\n<li><em><b>Certeza jur\u00eddica de sus tierras<\/b><\/em><\/li>\n<\/ul>\n<p>&nbsp;<\/p>\n<div id=\"attachment_482770\" style=\"width: 470px\" class=\"wp-caption aligncenter\"><img loading=\"lazy\" decoding=\"async\" aria-describedby=\"caption-attachment-482770\" class=\"size-full wp-image-482770\" src=\"https:\/\/www.diarioimagen.net\/wp-content\/uploads\/2020\/10\/CAMACHO12-bpor.jpg\" alt=\"\" width=\"460\" height=\"270\" \/><p id=\"caption-attachment-482770\" class=\"wp-caption-text\">La alcaldesa Elena Garc\u00eda Mart\u00ednez encabez\u00f3 la entrega de t\u00edtulos de propiedad en Tultitl\u00e1n, M\u00e9xico.<\/p><\/div>\n<p>&nbsp;<\/p>\n<p><strong>Tultitl\u00e1n, Estado de M\u00e9xico<\/strong>.- En la explanada Miguel Hidalgo se realiz\u00f3 la entrega de t\u00edtulos de propiedad. El evento estuvo encabezado por la Presidenta Municipal, Elena Garc\u00eda Mart\u00ednez, as\u00ed como del s\u00edndico municipal, Andr\u00e9s Sosa, e Misael Morales Mendiola, responsable del Registro Agrario Nacional en el Estado de M\u00e9xico. De igual forma, hizo acto de presencia Agust\u00edn Aguirre God\u00ednez, presidente del Comisariado Ejidal del Poblado de Tultitl\u00e1n y sus Barrios, quien ofreci\u00f3 un mensaje de agradecimiento a las autoridades presentes por el apoyo brindado en esta administraci\u00f3n, mencionando que hoy es un d\u00eda muy importante, porque reciben los t\u00edtulos de propiedad garantizando la certeza jur\u00eddica de sus tierras.<\/p>\n<p>De igual forma, se agradeci\u00f3 al Presidente de la Rep\u00fablica, Andr\u00e9s Manuel L\u00f3pez Obrador, el compromiso que tiene con las y los mexicanos.<\/p>\n<p>Posteriormente, se realiz\u00f3 la entrega simb\u00f3lica de cinco t\u00edtulos de propiedad, que fueron otorgados a ciudadanos presentes en el acto c\u00edvico de mano de cada uno de los representantes institucionales que se encontraban en el evento. En total, se hizo entrega, en carpas instaladas en la explanada, de 177 t\u00edtulos de propiedad, siempre, conservando las medidas sanitarias pertinentes para evitar la propagaci\u00f3n de la Covid-19.<\/p>\n<p>En este mismo acto, el Ing. Misael Morales Mendiola, realiz\u00f3 la entrega de 10 t\u00edtulos de propiedad de equipamiento urbano para el pol\u00edgono Cartagena, en beneficio del gobierno municipal de Tultitl\u00e1n, incluyendo la regularizaci\u00f3n de dichos predios.<\/p>\n<p>Para finalizar, Elena Garc\u00eda Mart\u00ednez agradeci\u00f3 la asistencia de los presentes, enfatizando en el esfuerzo de los representantes del comisariado ejidal y de los servidores p\u00fablicos de esta administraci\u00f3n, para lograr la regularizaci\u00f3n de los 177 T\u00edtulos de Propiedad en beneficio, y para la protecci\u00f3n, del patrimonio familiar. Mencion\u00f3, que este ser\u00e1 el primero de varios eventos, que con apoyo de las autoridades municipales, como del Registro Agrario Nacional, y principalmente del Presidente de la Rep\u00fablica, se van a ver beneficiados la mayor\u00eda de los pobladores de Tultitl\u00e1n.<\/p>\n","protected":false},"excerpt":{"rendered":"<p>En la explanada Miguel Hidalgo se realiz\u00f3 la entrega de t\u00edtulos de propiedad. El evento estuvo encabezado por la Presidenta Municipal, Elena Garc\u00eda Mart\u00ednez, as\u00ed como del s\u00edndico municipal, Andr\u00e9s Sosa, e Misael Morales Mendiola, responsable del Registro Agrario Nacional en el Estado de M\u00e9xico.<\/p>\n","protected":false},"author":1,"featured_media":482770,"comment_status":"open","ping_status":"open","sticky":false,"template":"","format":"standard","meta":{"_monsterinsights_skip_tracking":false,"_monsterinsights_sitenote_active":false,"_monsterinsights_sitenote_note":"","_monsterinsights_sitenote_category":0,"footnotes":""},"categories":[5],"tags":[43675,578],"class_list":["post-482769","post","type-post","status-publish","format-standard","has-post-thumbnail","hentry","category-estado-de-mexico","tag-estado-de-mexico","tag-tultitlan"],"_links":{"self":[{"href":"https:\/\/www.diarioimagen.net\/index.php?rest_route=\/wp\/v2\/posts\/482769","targetHints":{"allow":["GET"]}}],"collection":[{"href":"https:\/\/www.diarioimagen.net\/index.php?rest_route=\/wp\/v2\/posts"}],"about":[{"href":"https:\/\/www.diarioimagen.net\/index.php?rest_route=\/wp\/v2\/types\/post"}],"author":[{"embeddable":true,"href":"https:\/\/www.diarioimagen.net\/index.php?rest_route=\/wp\/v2\/users\/1"}],"replies":[{"embeddable":true,"href":"https:\/\/www.diarioimagen.net\/index.php?rest_route=%2Fwp%2Fv2%2Fcomments&post=482769"}],"version-history":[{"count":0,"href":"https:\/\/www.diarioimagen.net\/index.php?rest_route=\/wp\/v2\/posts\/482769\/revisions"}],"wp:featuredmedia":[{"embeddable":true,"href":"https:\/\/www.diarioimagen.net\/index.php?rest_route=\/wp\/v2\/media\/482770"}],"wp:attachment":[{"href":"https:\/\/www.diarioimagen.net\/index.php?rest_route=%2Fwp%2Fv2%2Fmedia&parent=482769"}],"wp:term":[{"taxonomy":"category","embeddable":true,"href":"https:\/\/www.diarioimagen.net\/index.php?rest_route=%2Fwp%2Fv2%2Fcategories&post=482769"},{"taxonomy":"post_tag","embeddable":true,"href":"https:\/\/www.diarioimagen.net\/index.php?rest_route=%2Fwp%2Fv2%2Ftags&post=482769"}],"curies":[{"name":"wp","href":"https:\/\/api.w.org\/{rel}","templated":true}]}}