{"id":483137,"date":"2020-10-14T00:03:25","date_gmt":"2020-10-14T05:03:25","guid":{"rendered":"https:\/\/www.diarioimagen.net\/?p=483137"},"modified":"2020-10-14T00:05:58","modified_gmt":"2020-10-14T05:05:58","slug":"2o-robo-de-medicamentos-a-la-4t","status":"publish","type":"post","link":"https:\/\/www.diarioimagen.net\/?p=483137","title":{"rendered":"2\u00ba robo de medicamentos a la 4T"},"content":{"rendered":"<h2>Espacio Electoral<\/h2>\n<h5>Eleazar Flores<\/h5>\n<p>&nbsp;<\/p>\n<p><strong>NO ES CASUAL-.<\/strong> M\u00e1s que casual, parece ser bien planeado el robo de medicamentos contra la cura del c\u00e1ncer infantil el pasado fin de semana en Iztapalapa, pues los ladrones hasta tuvieron el cuidado de desconectar las c\u00e1maras de video vigilancia e incluso llevarse el disco duro.<\/p>\n<p>Pero lo condenable no es por robo de celulares, carteras o algo parecido que de todos modos es censurable, sino el hurto de medicinas para combatir la mortal enfermedad de c\u00e1ncer infantil.<\/p>\n<p><strong>QUE DESGRACIA-.<\/strong> Robar en este tiempo por desgracia forma parte de la \u201cnueva normalidad\u201d, incluso desde antes,\u00a0 todo por el hecho de que el o los delincuentes en horas recuperan su libertad con una facilidad pasmosa que a todos inquieta, \u00bfporqu\u00e9?, seguramente dir\u00e1n que por las reformas a las leyes por lo que incluso a muchos polic\u00edas se les inhibe detener delincuentes.<\/p>\n<p><strong>CERO Y VAN DOS-.<\/strong> El roBo de medicinas contra el c\u00e1ncer infantil registrado entre la noche del s\u00e1bado y la madrugada del domingo en la populosa alcald\u00eda Iztapalapa es el segundo en su g\u00e9nero pues recuerde que el \u201clejano\u201d 15 de abril se robaron un tr\u00e1iler que llevaba caretas y cubrebocas, material destinado al personal m\u00e9dico y param\u00e9dico luchador contra la pandemia.<\/p>\n<p>Este robo misterioso ocurri\u00f3 en el vecino municipio mexiquense de Tultitl\u00e1n. Lo de misterioso no es gratuito, pues vale preguntarse la forma en que los ladrones sab\u00edan que el tr\u00e1iler llevaba una carga de 38 cajas en las que transportaban 957 mil cubrebocas y parece ser que hasta guantes para uso de los m\u00e9dicos y param\u00e9dicos integrantes del\u00a0 primer frente de guerra en hospitales.<\/p>\n<p>El importe de la carga robada ascend\u00eda a unos 60 millones de pesos. La Fiscal\u00eda de Justicia mexiquense se llev\u00f3 un mes para dar con la mercanc\u00eda robada, hasta el 15 de mayo pero de los culpables no se supo mucho, de ah\u00ed que se le identifique como hecho misterioso.<\/p>\n<p>El robo millonario de medicamentos contra el c\u00e1ncer infantil en Iztapalapa no lo denunci\u00f3 el gobierno de inmediato, sino hasta que sali\u00f3 publicado en u diario chilango. Ya el lunes el padre de la Cuarta Transformaci\u00f3n detall\u00f3 algo m\u00e1s, que se compraron los medicamentos a Argentina y que se dar\u00e1 con \u00e9l o los autores del hurto. Volviendo con lo misterioso del hecho es que \u00bfqui\u00e9n o qui\u00e9nes sab\u00edan de la llegada de los medicamentos a Iztapalapa? Buena tarea<\/p>\n<p>Hasta los m\u00e1s ingenuos detectan que los \u201cinformantes\u201d para facilitar el robo est\u00e1n dentro, en los distintos niveles de gobierno, sean federal o de la Ciudad de M\u00e9xico, por lo que se reduce a dos esferas la investigaci\u00f3n.<\/p>\n<p><em><a href=\"mailto:elefa44@gmail.com\" target=\"_blank\" rel=\"noopener noreferrer\">elefa44@gmail.com<\/a><\/em><\/p>\n","protected":false},"excerpt":{"rendered":"<p><span style=\"color: #005497;\"><strong>Eleazar Flores<\/strong><\/span><\/p>\n","protected":false},"author":3,"featured_media":0,"comment_status":"open","ping_status":"open","sticky":false,"template":"","format":"standard","meta":{"_monsterinsights_skip_tracking":false,"_monsterinsights_sitenote_active":false,"_monsterinsights_sitenote_note":"","_monsterinsights_sitenote_category":0,"footnotes":""},"categories":[81743],"tags":[81744,81776,43674],"class_list":["post-483137","post","type-post","status-publish","format-standard","hentry","category-eleazar-flores","tag-eleazar-flores","tag-espacio-electoral","tag-opinion"],"_links":{"self":[{"href":"https:\/\/www.diarioimagen.net\/index.php?rest_route=\/wp\/v2\/posts\/483137","targetHints":{"allow":["GET"]}}],"collection":[{"href":"https:\/\/www.diarioimagen.net\/index.php?rest_route=\/wp\/v2\/posts"}],"about":[{"href":"https:\/\/www.diarioimagen.net\/index.php?rest_route=\/wp\/v2\/types\/post"}],"author":[{"embeddable":true,"href":"https:\/\/www.diarioimagen.net\/index.php?rest_route=\/wp\/v2\/users\/3"}],"replies":[{"embeddable":true,"href":"https:\/\/www.diarioimagen.net\/index.php?rest_route=%2Fwp%2Fv2%2Fcomments&post=483137"}],"version-history":[{"count":0,"href":"https:\/\/www.diarioimagen.net\/index.php?rest_route=\/wp\/v2\/posts\/483137\/revisions"}],"wp:attachment":[{"href":"https:\/\/www.diarioimagen.net\/index.php?rest_route=%2Fwp%2Fv2%2Fmedia&parent=483137"}],"wp:term":[{"taxonomy":"category","embeddable":true,"href":"https:\/\/www.diarioimagen.net\/index.php?rest_route=%2Fwp%2Fv2%2Fcategories&post=483137"},{"taxonomy":"post_tag","embeddable":true,"href":"https:\/\/www.diarioimagen.net\/index.php?rest_route=%2Fwp%2Fv2%2Ftags&post=483137"}],"curies":[{"name":"wp","href":"https:\/\/api.w.org\/{rel}","templated":true}]}}