{"id":483205,"date":"2020-10-15T00:04:05","date_gmt":"2020-10-15T05:04:05","guid":{"rendered":"https:\/\/www.diarioimagen.net\/?p=483205"},"modified":"2020-10-14T23:19:37","modified_gmt":"2020-10-15T04:19:37","slug":"tlalnepantla-se-suma-a-la-demanda-de-los-vecinos-por-reparacion-de-puente-en-periferico","status":"publish","type":"post","link":"https:\/\/www.diarioimagen.net\/?p=483205","title":{"rendered":"Tlalnepantla se suma a la demanda de los vecinos por reparaci\u00f3n de puente en Perif\u00e9rico"},"content":{"rendered":"<p>&nbsp;<\/p>\n<ul>\n<li><em><b>Competencia de la Junta de Caminos del Estado de M\u00e9xico<span class=\"Apple-converted-space\">\u00a0<\/span><\/b><\/em><\/li>\n<\/ul>\n<p>&nbsp;<\/p>\n<div id=\"attachment_483206\" style=\"width: 470px\" class=\"wp-caption aligncenter\"><img loading=\"lazy\" decoding=\"async\" aria-describedby=\"caption-attachment-483206\" class=\"size-full wp-image-483206\" src=\"https:\/\/www.diarioimagen.net\/wp-content\/uploads\/2020\/10\/CAMACHO15-a-por.jpg\" alt=\"\" width=\"460\" height=\"270\" \/><p id=\"caption-attachment-483206\" class=\"wp-caption-text\">La reparaci\u00f3n del puente vehicular estatal, ubicado en Perif\u00e9rico a la altura de Mario Col\u00edn y Avenida de los Maestros es competencia de la Junta de Caminos del Estado de M\u00e9xico.<\/p><\/div>\n<p>&nbsp;<\/p>\n<p><strong>Tlalnepantla, Estado de M\u00e9xico<\/strong>.- El gobierno local se suma a la demanda de la ciudadan\u00eda para que la Junta de Caminos del Estado de M\u00e9xico realice trabajos de mantenimiento y reparaci\u00f3n del puente vehicular ubicado en Perif\u00e9rico a la altura de Mario Col\u00edn y Avenida de los Maestros.<\/p>\n<p>Con relaci\u00f3n a la denuncia de vecinas y vecinos de los fraccionamientos Los Pirules, Las Rosas, Santa M\u00f3nica y Rinc\u00f3n del Valle, publicada en un medio de comunicaci\u00f3n, sobre el posible riesgo que representa el puente por el desgaste que registra, la administraci\u00f3n municipal informa:<\/p>\n<p>El puente se ubica en una v\u00eda primaria, su mantenimiento y reparaciones son competencia de la Junta de Caminos del Estado de M\u00e9xico. El Gobierno de Tlalnepantla ha solicitado a la Junta de Caminos del Estado de M\u00e9xico realice la rehabilitaci\u00f3n y mantenimiento de las v\u00edas que tiene a su cargo, como son Perif\u00e9rico, Mario Col\u00edn, Gustavo Baz, entre muchas otras.<\/p>\n<p>La administraci\u00f3n municipal se solidariza con los vecinos por su preocupaci\u00f3n ante el posible riesgo que representa el puente, dada su antig\u00fcedad y el desgaste que ha sufrido.<\/p>\n<p>La obra vial sirve para comunicar por debajo de Perif\u00e9rico a la avenida Mario Col\u00edn y Avenida de los Maestros, es transitada por miles de automovilistas, transporte p\u00fablico y de carga, que proceden de municipios como Atizap\u00e1n, Naucalpan, Nicol\u00e1s Romero, Tlalnepantla, y en general de la zona conurbada.<\/p>\n<p>El Gobierno de Tlalnepantla enviar\u00e1 un oficio a la Junta de Caminos del Estado de M\u00e9xico para solicitar de manera respetuosa se atienda la demanda de la ciudadan\u00eda, se d\u00e9 mantenimiento y realicen las reparaciones que sean necesarias al puente vehicular.<\/p>\n","protected":false},"excerpt":{"rendered":"<p>El gobierno local se suma a la demanda de la ciudadan\u00eda para que la Junta de Caminos del Estado de M\u00e9xico realice trabajos de mantenimiento y reparaci\u00f3n del puente vehicular ubicado en Perif\u00e9rico a la altura de Mario Col\u00edn y Avenida de los Maestros.<\/p>\n","protected":false},"author":1,"featured_media":483206,"comment_status":"open","ping_status":"open","sticky":false,"template":"","format":"standard","meta":{"_monsterinsights_skip_tracking":false,"_monsterinsights_sitenote_active":false,"_monsterinsights_sitenote_note":"","_monsterinsights_sitenote_category":0,"footnotes":""},"categories":[5],"tags":[43675,169],"class_list":["post-483205","post","type-post","status-publish","format-standard","has-post-thumbnail","hentry","category-estado-de-mexico","tag-estado-de-mexico","tag-tlalnepantla"],"_links":{"self":[{"href":"https:\/\/www.diarioimagen.net\/index.php?rest_route=\/wp\/v2\/posts\/483205","targetHints":{"allow":["GET"]}}],"collection":[{"href":"https:\/\/www.diarioimagen.net\/index.php?rest_route=\/wp\/v2\/posts"}],"about":[{"href":"https:\/\/www.diarioimagen.net\/index.php?rest_route=\/wp\/v2\/types\/post"}],"author":[{"embeddable":true,"href":"https:\/\/www.diarioimagen.net\/index.php?rest_route=\/wp\/v2\/users\/1"}],"replies":[{"embeddable":true,"href":"https:\/\/www.diarioimagen.net\/index.php?rest_route=%2Fwp%2Fv2%2Fcomments&post=483205"}],"version-history":[{"count":0,"href":"https:\/\/www.diarioimagen.net\/index.php?rest_route=\/wp\/v2\/posts\/483205\/revisions"}],"wp:featuredmedia":[{"embeddable":true,"href":"https:\/\/www.diarioimagen.net\/index.php?rest_route=\/wp\/v2\/media\/483206"}],"wp:attachment":[{"href":"https:\/\/www.diarioimagen.net\/index.php?rest_route=%2Fwp%2Fv2%2Fmedia&parent=483205"}],"wp:term":[{"taxonomy":"category","embeddable":true,"href":"https:\/\/www.diarioimagen.net\/index.php?rest_route=%2Fwp%2Fv2%2Fcategories&post=483205"},{"taxonomy":"post_tag","embeddable":true,"href":"https:\/\/www.diarioimagen.net\/index.php?rest_route=%2Fwp%2Fv2%2Ftags&post=483205"}],"curies":[{"name":"wp","href":"https:\/\/api.w.org\/{rel}","templated":true}]}}