{"id":483419,"date":"2020-10-16T00:04:34","date_gmt":"2020-10-16T05:04:34","guid":{"rendered":"https:\/\/www.diarioimagen.net\/?p=483419"},"modified":"2020-10-16T00:47:51","modified_gmt":"2020-10-16T05:47:51","slug":"niegan-registro-a-mexico-libre","status":"publish","type":"post","link":"https:\/\/www.diarioimagen.net\/?p=483419","title":{"rendered":"Niegan registro a M\u00e9xico Libre"},"content":{"rendered":"<h2>Punto por punto<\/h2>\n<h5>Augusto Corro<\/h5>\n<p>&nbsp;<\/p>\n<p>La Sala Superior del Tribunal Electoral del Poder Judicial de la Federacion (TEPJF) determin\u00f3 que los esposos Calder\u00f3n-Zavala no tendr\u00e1, por ahora, partido pol\u00edtico. En sesi\u00f3n virtual, cuatro de siete magistrados votaron a favor de respaldar la decisi\u00f3n del Instituto Nacional Electoral (INE) que neg\u00f3 el registro a la organizaci\u00f3n Libertad y Responsabilidad Democr\u00e1tica, conocida como M\u00e9xico Libre, principalmente por contar con aportaciones econ\u00f3micas procedentes de personas no identificadas.<\/p>\n<p>El magistrado Jos\u00e9 Luis Vargas Valdez manifest\u00f3 que la organizaci\u00f3n de Zavala y Calder\u00f3n no cumpli\u00f3 con su obligaci\u00f3n de identificar a todas las personas que hicieron alguna donaci\u00f3n econ\u00f3mica. Dijo tambi\u00e9n que M\u00e9xico Libre \u201crecibi\u00f3 aportaciones en efectivo por personas no identificadas, por un monto de un mill\u00f3n 61 mil pesos. No demostr\u00f3 qui\u00e9nes fueron los aportantes\u201d.\u00a0 Concretamente, la agrupaci\u00f3n citada no pudo comprobar el origen de 50 aportaciones que se realizaron a trav\u00e9s de la plataforma Clip, por la cantidad mencionada.<\/p>\n<p>Las razones de los magistrados fueron suficientes y legales para evitar que los esposos Zavala-Calder\u00f3n se hicieran due\u00f1os de un partido pol\u00edtico que enrarecer\u00eda m\u00e1s la vida pol\u00edtica de M\u00e9xico. Por otra parte, de ninguna manera se justificar\u00eda que uno de los ex presidentes de M\u00e9xico, con un pasado ignominioso como gobernante, continuara en la \u201cgrilla\u201d, oficialmente, para consumar sus ambiciones de poder y dinero. Calder\u00f3n ya tuvo la oportunidad de gobernar M\u00e9xico y los resultados de esa gesti\u00f3n gubernamental en la que prevaleci\u00f3 la espiral de\u00a0 violencia que envolvi\u00f3 al pa\u00eds y que a\u00fan no termina.<\/p>\n<p>Como se sabe, el ex mandatario michoacano se encuentra en el eje del hurac\u00e1n de la justicia. Su principal colaborador, el secretario de Seguridad, Genaro Garc\u00eda Luna, es juzgado en una corte de Nueva York por introducir coca\u00edna en Estados Unidos y recibir sobornos millonarios de d\u00f3lares para que apoyara las acciones del c\u00e1rtel de Sinaloa, que dirig\u00eda el capo Joaqu\u00edn \u201cEl Chapo\u201d Guzm\u00e1n, quien fue juzgado y condenado a cadena perpetua y 30 a\u00f1os adicionales, como l\u00edder de una organizaci\u00f3n criminal que envi\u00f3 toneladas de drogas a dicho pa\u00eds.<\/p>\n<p>Los fiscales tendr\u00e1n que comprobar las acusaciones contra Garc\u00eda Luna que tuvo siempre el apoyo de Calder\u00f3n en la fallida guerra contra la delincuencia organizada que ensangrent\u00f3 a M\u00e9xico. Una lucha sin estrategia por\u00a0 parte de las autoridades federales que en vez de acabar con el crimen, propici\u00f3 la multiplicaci\u00f3n de bandas de delincuentes en todas partes. Garc\u00eda Luna se desempe\u00f1aba como el principal colaborador de Calder\u00f3n en la supuesta lucha contra los c\u00e1rteles de la droga, seg\u00fan declaraciones de testigos en el juicio contra \u201cEl Chapo\u201d Guzm\u00e1n.<\/p>\n<p>La pregunta obligada: \u00bfsab\u00eda el michoacano de la conducta negativa de su colaborador que apoyaba al C\u00e1rtel de Sinaloa? La suerte del michoacano depender\u00e1, en parte, de las declaraciones de su subordinado, pues Garc\u00eda Luna puede aceptar la culpa total para no comprometer a nadie o se\u00f1alar a Calder\u00f3n como c\u00f3mplice.\u00a0 La simple duda sobre la conducta del michoacano de presunta protecci\u00f3n al secretario de Seguridad era suficiente para negarle el registro de partido a M\u00e9xico Libre. En M\u00e9xico, las autoridades dijeron que el\u00a0 propio Garc\u00eda Luna particip\u00f3 en la fundaci\u00f3n de la organizaci\u00f3n pol\u00edtica de los esposos Zavala-Calder\u00f3n.<\/p>\n<p>El ex panista Calder\u00f3n no se conform\u00f3 con el p\u00e9simo papel que hizo como Presidente de M\u00e9xico. Como se\u00f1alamos l\u00edneas arriba, su ambici\u00f3n pol\u00edtica lo movi\u00f3 a continuar en el escenario de la grilla al lado de su esposa Margarita para fundar su propio partido. Afortunadamente no se lo permitieron. \u00bfNo es suficiente el da\u00f1o que los Zavala-Calder\u00f3n hicieron a M\u00e9xico? El ex presidente siempre fue depredador\u00a0 pol\u00edtico. A su partido de origen (el PAN) lo dividi\u00f3. Quiso adue\u00f1arse de esa organizaci\u00f3n pol\u00edtica pero no pudo. Los blanquiazules rechazaron imposiciones.<\/p>\n<p>Ni siquiera Margarita tuvo el apoyo de su partido para alcanzar una diputaci\u00f3n. Decepcionada y molesta dej\u00f3 las filas panistas y por su cuenta decidi\u00f3 participar como candidata independiente en busca de la silla presidencial. En esa ocasi\u00f3n, tambi\u00e9n se conocieron las triqui\u00f1uelas pol\u00edticas en la alteraci\u00f3n de firmas\u00a0 para obtener el registro de aspirante en la contienda electoral. Los resultados fueron desastrosos. En el caso de Calder\u00f3n todav\u00eda no hay nada escrito sobre su futuro pol\u00edtico. Por un lado tiene sobre su cabeza el juicio de su colaborador Garc\u00eda Luna que lo puede hundir o salvar de sus presuntas acciones de complicidad de ambos; adem\u00e1s, tiene en puerta el juicio a los ex presidentes corruptos, del que dif\u00edcilmente podr\u00eda escaparse el michoacano. \u00bfUsted qu\u00e9 opina amable lector?<\/p>\n<p><a href=\"mailto:aco2742@hotmail.com\" target=\"_blank\" rel=\"noopener noreferrer\"><em>aco2742@hotmail.com<\/em><\/a><\/p>\n","protected":false},"excerpt":{"rendered":"<p><span style=\"color: #005497;\"><strong>Augusto Corro<\/strong><\/span><\/p>\n","protected":false},"author":3,"featured_media":0,"comment_status":"open","ping_status":"open","sticky":false,"template":"","format":"standard","meta":{"_monsterinsights_skip_tracking":false,"_monsterinsights_sitenote_active":false,"_monsterinsights_sitenote_note":"","_monsterinsights_sitenote_category":0,"footnotes":""},"categories":[157],"tags":[43686,43674,11515],"class_list":["post-483419","post","type-post","status-publish","format-standard","hentry","category-augusto-corro","tag-augusto-corro","tag-opinion","tag-punto-por-punto"],"_links":{"self":[{"href":"https:\/\/www.diarioimagen.net\/index.php?rest_route=\/wp\/v2\/posts\/483419","targetHints":{"allow":["GET"]}}],"collection":[{"href":"https:\/\/www.diarioimagen.net\/index.php?rest_route=\/wp\/v2\/posts"}],"about":[{"href":"https:\/\/www.diarioimagen.net\/index.php?rest_route=\/wp\/v2\/types\/post"}],"author":[{"embeddable":true,"href":"https:\/\/www.diarioimagen.net\/index.php?rest_route=\/wp\/v2\/users\/3"}],"replies":[{"embeddable":true,"href":"https:\/\/www.diarioimagen.net\/index.php?rest_route=%2Fwp%2Fv2%2Fcomments&post=483419"}],"version-history":[{"count":0,"href":"https:\/\/www.diarioimagen.net\/index.php?rest_route=\/wp\/v2\/posts\/483419\/revisions"}],"wp:attachment":[{"href":"https:\/\/www.diarioimagen.net\/index.php?rest_route=%2Fwp%2Fv2%2Fmedia&parent=483419"}],"wp:term":[{"taxonomy":"category","embeddable":true,"href":"https:\/\/www.diarioimagen.net\/index.php?rest_route=%2Fwp%2Fv2%2Fcategories&post=483419"},{"taxonomy":"post_tag","embeddable":true,"href":"https:\/\/www.diarioimagen.net\/index.php?rest_route=%2Fwp%2Fv2%2Ftags&post=483419"}],"curies":[{"name":"wp","href":"https:\/\/api.w.org\/{rel}","templated":true}]}}