{"id":483471,"date":"2020-10-19T00:01:30","date_gmt":"2020-10-19T05:01:30","guid":{"rendered":"https:\/\/www.diarioimagen.net\/?p=483471"},"modified":"2020-10-19T00:14:38","modified_gmt":"2020-10-19T05:14:38","slug":"trabaja-tultepec-en-la-recuperacion-de-espacios-publicos","status":"publish","type":"post","link":"https:\/\/www.diarioimagen.net\/?p=483471","title":{"rendered":"Trabaja Tultepec en\u00a0la recuperaci\u00f3n de espacios p\u00fablicos\u00a0"},"content":{"rendered":"<p>&nbsp;<\/p>\n<p><img loading=\"lazy\" decoding=\"async\" class=\"size-full wp-image-483472 aligncenter\" src=\"https:\/\/www.diarioimagen.net\/wp-content\/uploads\/2020\/10\/CAMACHO19-dpor.jpg\" alt=\"\" width=\"460\" height=\"270\" \/><\/p>\n<p>&nbsp;<\/p>\n<p><strong>Tultepec, Estado de M\u00e9xico<\/strong><b>.- <\/b>Con el objetivo de fortalecer los lazos de convivencia enatre los habitantes de Tultepec y abonar con ello en la recuperaci\u00f3n y fortalecimiento del tejido social, el gobierno municipal a trav\u00e9s de la Jefatura de Imagen Urbana, realiza trabajos de rehabilitaci\u00f3n de espacios p\u00fablicos, espec\u00edficamente en el camell\u00f3n ubicado en Boulevard Hacienda de las Rosas en el fraccionamiento Real de Tultepec.<\/p>\n<p>Mario Gonz\u00e1lez Fragoso, titular de Imagen Urbana, inform\u00f3 que una cuadrilla de al menos 25 trabajadores de esta dependencia apoyados con dos gr\u00faas, dos tractores, camiones, podadoras, machetes, carretillas y otras herramientas; vienen realizando el embellecimiento del lugar de cerca de un kil\u00f3metro de longitud por 10 de ancho en la zona que corresponde a Tultepec en los l\u00edmites con Coacalco.<\/p>\n","protected":false},"excerpt":{"rendered":"<p>Con el objetivo de fortalecer los lazos de convivencia enatre los habitantes de Tultepec y abonar con ello en la recuperaci\u00f3n y fortalecimiento del tejido social, el gobierno municipal a trav\u00e9s de la Jefatura de Imagen Urbana, realiza trabajos de rehabilitaci\u00f3n de espacios p\u00fablicos, espec\u00edficamente en el camell\u00f3n ubicado en Boulevard Hacienda de las Rosas en el fraccionamiento Real de Tultepec.<\/p>\n","protected":false},"author":1,"featured_media":483472,"comment_status":"open","ping_status":"open","sticky":false,"template":"","format":"standard","meta":{"_monsterinsights_skip_tracking":false,"_monsterinsights_sitenote_active":false,"_monsterinsights_sitenote_note":"","_monsterinsights_sitenote_category":0,"footnotes":""},"categories":[5],"tags":[43675,3802],"class_list":["post-483471","post","type-post","status-publish","format-standard","has-post-thumbnail","hentry","category-estado-de-mexico","tag-estado-de-mexico","tag-tultepec"],"_links":{"self":[{"href":"https:\/\/www.diarioimagen.net\/index.php?rest_route=\/wp\/v2\/posts\/483471","targetHints":{"allow":["GET"]}}],"collection":[{"href":"https:\/\/www.diarioimagen.net\/index.php?rest_route=\/wp\/v2\/posts"}],"about":[{"href":"https:\/\/www.diarioimagen.net\/index.php?rest_route=\/wp\/v2\/types\/post"}],"author":[{"embeddable":true,"href":"https:\/\/www.diarioimagen.net\/index.php?rest_route=\/wp\/v2\/users\/1"}],"replies":[{"embeddable":true,"href":"https:\/\/www.diarioimagen.net\/index.php?rest_route=%2Fwp%2Fv2%2Fcomments&post=483471"}],"version-history":[{"count":0,"href":"https:\/\/www.diarioimagen.net\/index.php?rest_route=\/wp\/v2\/posts\/483471\/revisions"}],"wp:featuredmedia":[{"embeddable":true,"href":"https:\/\/www.diarioimagen.net\/index.php?rest_route=\/wp\/v2\/media\/483472"}],"wp:attachment":[{"href":"https:\/\/www.diarioimagen.net\/index.php?rest_route=%2Fwp%2Fv2%2Fmedia&parent=483471"}],"wp:term":[{"taxonomy":"category","embeddable":true,"href":"https:\/\/www.diarioimagen.net\/index.php?rest_route=%2Fwp%2Fv2%2Fcategories&post=483471"},{"taxonomy":"post_tag","embeddable":true,"href":"https:\/\/www.diarioimagen.net\/index.php?rest_route=%2Fwp%2Fv2%2Ftags&post=483471"}],"curies":[{"name":"wp","href":"https:\/\/api.w.org\/{rel}","templated":true}]}}