{"id":483537,"date":"2020-10-19T00:13:07","date_gmt":"2020-10-19T05:13:07","guid":{"rendered":"https:\/\/www.diarioimagen.net\/?p=483537"},"modified":"2020-10-19T04:40:13","modified_gmt":"2020-10-19T09:40:13","slug":"repunte-de-covid-en-diez-estados-en-las-ultimas-dos-semanas","status":"publish","type":"post","link":"https:\/\/www.diarioimagen.net\/?p=483537","title":{"rendered":"Repunte de Covid en diez estados en las \u00faltimas dos semanas"},"content":{"rendered":"<p>&nbsp;<\/p>\n<div id=\"attachment_483608\" style=\"width: 470px\" class=\"wp-caption aligncenter\"><a href=\"https:\/\/www.diarioimagen.net\/?attachment_id=483608\" rel=\"attachment wp-att-483608\"><img loading=\"lazy\" decoding=\"async\" aria-describedby=\"caption-attachment-483608\" class=\"size-full wp-image-483608\" src=\"https:\/\/www.diarioimagen.net\/wp-content\/uploads\/2020\/10\/COVID-MEXICO.jpg\" alt=\"\" width=\"460\" height=\"270\" \/><\/a><p id=\"caption-attachment-483608\" class=\"wp-caption-text\">En las \u00faltimas dos semanas se han presentado aumento en los casos de coronavirus en diez entidades.<\/p><\/div>\n<p>&nbsp;<\/p>\n<p>En las \u00faltimas dos semanas se han presentado un repunte en los casos de coronavirus en Aguascalientes, Coahuila, Colima, Chihuahua, Ciudad de M\u00e9xico, Estado de M\u00e9xico, Durango, Nuevo Le\u00f3n, Oaxaca y Zacatecas.<\/p>\n<p>De estos diez estados, Chihuahua es el que ha registrado el mayor aumento de contagios de Covid-19, report\u00f3 la Secretar\u00eda de Salud.<\/p>\n<p>Aunque las autoridades todav\u00eda no han establecido regresar a un confinamiento en estas nueve entidades, Ruy L\u00f3pez Ridaura, director de Programas Preventivos y Control de Enfermedades, advirti\u00f3 que si cualquiera tuviera sem\u00e1foro epidemiol\u00f3gico rojo se aplicar\u00eda \u00e9ste para disminuir la transmisibilidad del virus.<\/p>\n<p>De acuerdo con L\u00f3pez Ridaura, la poblaci\u00f3n joven, que se siente en menos riesgo, es la que registra mayor movilidad, por lo que llam\u00f3 a reducir sus salidas recreativas, sobre todo en entidades con repunte.<\/p>\n<p>La Ssa report\u00f3 el s\u00e1bado 355 muertes m\u00e1s por covid-19 en M\u00e9xico, con lo que suman 86 mil 59. Mientras que se registraron 847 mil 108 casos acumulados, 5 mil 447 m\u00e1s que el viernes. Seg\u00fan la actualizaci\u00f3n del sem\u00e1foro, s\u00f3lo hay un estado en color verde, Campeche.<\/p>\n<p>Indic\u00f3 el funcionario federal que los casos reales podr\u00edan ascender a 983,791, de los cuales 45,199 se encuentran activos, de manera que la Ciudad de M\u00e9xico, es la entidad con mayor n\u00famero de casos activos, seguida de Nuevo Le\u00f3n, Jalisco, Estado de M\u00e9xico, Guanajuato, Coahuila, y Durango como las entidades con m\u00e1s de 1,000 casos activos y que en conjunto concentran m\u00e1s de la mitad (59%) de los casos activos del pa\u00eds.<\/p>\n<p style=\"text-align: center;\"><strong>Muere personal de salud por falta de equipo y capacitaci\u00f3n<\/strong><\/p>\n<p>Por otra parte, la falta de equipo de protecci\u00f3n insuficiente capacitaci\u00f3n para su uso adecuado y el rezago en infraestructura son las principales causas que han contribuido al fallecimiento de mil 744 profesionales de la salud en M\u00e9xico, 854 de ellos personal m\u00e9dico, coinciden especialistas.<\/p>\n<p>Este n\u00famero es casi equivalente a la cantidad de m\u00e9dicos generales y especialistas que hay en Campeche, que asciende a 992, y duplica el n\u00famero de estudiantes aceptados en la carrera de m\u00e9dico cirujano de la Facultad de Medicina de la UNAM, la FES Iztacala y la Zaragoza que ascendi\u00f3 a 388 el a\u00f1o pasado.<\/p>\n<p>En un pa\u00eds donde s\u00f3lo hay 0.6 m\u00e9dicos por cada mil personas sin seguridad social, cada p\u00e9rdida de un profesional agrava el d\u00e9ficit.<\/p>\n<p>Tan s\u00f3lo en 8 entidades del sur de M\u00e9xico se requieren 64 mil 796 m\u00e9dicos generales y especialistas para alcanzar el promedio de la OCDE, que es de 3.2 m\u00e9dicos por cada mil habitantes.<\/p>\n<p>Jos\u00e9 \u00c1ngel C\u00f3rdova, exsecretario de Salud, lament\u00f3 que los decesos, en un inicio, se hayan debido a que faltaron los medios para protegerse.<\/p>\n<p>\u201cEs muy triste y lamentable y sobre todo cuando esto sucedi\u00f3 porque los medios que les dieron para protegerse fueron insuficientes\u201d, dijo.<\/p>\n<p>En el marco del D\u00eda del M\u00e9dico, que se celebra el 23 de octubre, Juan Luis Mosqueda, director del Hospital Regional de Alta Especialidad del Baj\u00edo, estim\u00f3 que los doctores de las distintas instituciones de salud enfrentaron la epidemia de Covid-19 bajo circunstancias contrastantes.<\/p>\n<p>\u201c(Hab\u00eda) lugares donde pr\u00e1cticamente nadie sab\u00eda usar (el equipo, y) lugares donde la totalidad estaba capacitado\u201d, advirti\u00f3.<\/p>\n<p>Precisa que los hospitales de tercer nivel de atenci\u00f3n -de alta especialidad-, as\u00ed como los institutos nacionales suelen tener la mayor capacidad, mientras que \u201chospitales de provincia\u201d -de segundo nivel de atenci\u00f3n- tienen una menor preparaci\u00f3n.<\/p>\n<p>El director general del Hospital Regional de Alta Especialidad del Baj\u00edo asegura que la epidemia de influenza AH1N1 debi\u00f3 dejar lecciones aprendidas para evitar que, con Covid-19, el personal de salud fuera tan afectado; pero no sucedi\u00f3 as\u00ed.<\/p>\n<p>Para V\u00edctor Hugo Borja, director de prestaciones m\u00e9dicas del IMSS, otra problem\u00e1tica que influy\u00f3 en la p\u00e9rdida de profesionales fue el rezago que hay en infraestructura de salud.<\/p>\n<p>\u201cLo que nos falt\u00f3 es lo que no ten\u00edamos previamente y lo tuvimos que adquirir a una velocidad muy r\u00e1pida\u201d.<\/p>\n<p>De acuerdo con el mapa de Amnist\u00eda Internacional sobre decesos de personal de salud, con cifras hasta agosto pasado, M\u00e9xico se mantiene con el mayor registro de decesos en esta poblaci\u00f3n a nivel global, por arriba de EU con 1077 y Brasil con 634.<\/p>\n","protected":false},"excerpt":{"rendered":"<p>En las \u00faltimas dos semanas se han presentado un repunte en los casos de coronavirus en Aguascalientes, Coahuila, Colima, Chihuahua, Ciudad de M\u00e9xico, Estado de M\u00e9xico, Durango, Nuevo Le\u00f3n, Oaxaca y Zacatecas.<\/p>\n","protected":false},"author":3,"featured_media":483608,"comment_status":"open","ping_status":"open","sticky":false,"template":"","format":"standard","meta":{"_monsterinsights_skip_tracking":false,"_monsterinsights_sitenote_active":false,"_monsterinsights_sitenote_note":"","_monsterinsights_sitenote_category":0,"footnotes":""},"categories":[877],"tags":[90021,29516,91772,43692],"class_list":["post-483537","post","type-post","status-publish","format-standard","has-post-thumbnail","hentry","category-salud","tag-covid-19","tag-pandemia","tag-repunte","tag-salud"],"_links":{"self":[{"href":"https:\/\/www.diarioimagen.net\/index.php?rest_route=\/wp\/v2\/posts\/483537","targetHints":{"allow":["GET"]}}],"collection":[{"href":"https:\/\/www.diarioimagen.net\/index.php?rest_route=\/wp\/v2\/posts"}],"about":[{"href":"https:\/\/www.diarioimagen.net\/index.php?rest_route=\/wp\/v2\/types\/post"}],"author":[{"embeddable":true,"href":"https:\/\/www.diarioimagen.net\/index.php?rest_route=\/wp\/v2\/users\/3"}],"replies":[{"embeddable":true,"href":"https:\/\/www.diarioimagen.net\/index.php?rest_route=%2Fwp%2Fv2%2Fcomments&post=483537"}],"version-history":[{"count":0,"href":"https:\/\/www.diarioimagen.net\/index.php?rest_route=\/wp\/v2\/posts\/483537\/revisions"}],"wp:featuredmedia":[{"embeddable":true,"href":"https:\/\/www.diarioimagen.net\/index.php?rest_route=\/wp\/v2\/media\/483608"}],"wp:attachment":[{"href":"https:\/\/www.diarioimagen.net\/index.php?rest_route=%2Fwp%2Fv2%2Fmedia&parent=483537"}],"wp:term":[{"taxonomy":"category","embeddable":true,"href":"https:\/\/www.diarioimagen.net\/index.php?rest_route=%2Fwp%2Fv2%2Fcategories&post=483537"},{"taxonomy":"post_tag","embeddable":true,"href":"https:\/\/www.diarioimagen.net\/index.php?rest_route=%2Fwp%2Fv2%2Ftags&post=483537"}],"curies":[{"name":"wp","href":"https:\/\/api.w.org\/{rel}","templated":true}]}}