{"id":483620,"date":"2020-10-20T00:02:33","date_gmt":"2020-10-20T05:02:33","guid":{"rendered":"https:\/\/www.diarioimagen.net\/?p=483620"},"modified":"2020-10-20T01:06:38","modified_gmt":"2020-10-20T06:06:38","slug":"en-cuautitlan-se-da-continuidad-a-las-acciones-contra-el-cancer-de-mama","status":"publish","type":"post","link":"https:\/\/www.diarioimagen.net\/?p=483620","title":{"rendered":"En Cuautitl\u00e1n se da continuidad a las acciones contra el c\u00e1ncer de mama"},"content":{"rendered":"<p>&nbsp;<\/p>\n<ul>\n<li><em><b>Octubre, mes de sensibilizaci\u00f3n<\/b><\/em><\/li>\n<\/ul>\n<p>&nbsp;<\/p>\n<div id=\"attachment_483621\" style=\"width: 470px\" class=\"wp-caption aligncenter\"><img loading=\"lazy\" decoding=\"async\" aria-describedby=\"caption-attachment-483621\" class=\"size-full wp-image-483621\" src=\"https:\/\/www.diarioimagen.net\/wp-content\/uploads\/2020\/10\/CAMACHO20-cpor.jpg\" alt=\"\" width=\"460\" height=\"270\" \/><p id=\"caption-attachment-483621\" class=\"wp-caption-text\">En el mes de Sensibilizaci\u00f3n del C\u00e1ncer de Mama se da mayor atenci\u00f3n para la detecci\u00f3n temprana y tratamientos\u00a0a las personas que lo requieren.<\/p><\/div>\n<p>&nbsp;<\/p>\n<p><strong>Cuautitl\u00e1n, Estado de M\u00e9xico<\/strong>.- Con diversas actividades por parte del gobierno municipal durante octubre, \u201cEl mes de Sensibilizaci\u00f3n del C\u00e1ncer de Mama\u201d, se da mayor atenci\u00f3n y apoyo para la detecci\u00f3n temprana, tratamientos y cuidados paliativos, a las personas que lo requieren, por lo que a trav\u00e9s de la colocaci\u00f3n de un list\u00f3n o mo\u00f1o rosa se crea conciencia, adem\u00e1s de mostrar apoyo a quien lo padece.<\/p>\n<p>As\u00ed lo inform\u00f3 la subdirecci\u00f3n de Salud Municipal sobre las actividades que viene realizando mes con mes en toda la demarcaci\u00f3n y las pl\u00e1ticas, conferencias y apoyos que se canalizan ante las peticiones ciudadanas, ya sea para prevenir o atender alg\u00fan caso.<span class=\"Apple-converted-space\">\u00a0<\/span><\/p>\n<p>En el conjunto urbano La Alborada se llev\u00f3 a cabo la jornada de mastograf\u00edas gratuitas, en coordinaci\u00f3n con el Instituto de Salud del gobierno estatal, beneficiando a 137 vecinas, adem\u00e1s se impartir\u00e1 una pl\u00e1tica de manera virtual a trav\u00e9s del Facebook de Ayuntamiento de Cuautitl\u00e1n, titulada: Lactancia humana como prevenci\u00f3n del c\u00e1ncer de mama, por la especialista Dra. Edith Medina Hern\u00e1ndez, Consultora internacional certificada en lactancia IBCLC.<\/p>\n<p>De igual forma, la coordinadora de servicios m\u00e9dicos del sistema municipal DIF, Samantha Rivera y Alejandro Vera dar\u00e1n la pl\u00e1tica: Detecci\u00f3n oportuna de c\u00e1ncer de mama y c\u00e1ncer c\u00e9rvico uterino, la repartici\u00f3n de tr\u00edpticos en distintas unidades m\u00e9dicas y en recordatorio a estas acciones de prevenci\u00f3n del c\u00e1ncer, se ilumin\u00f3 el Palacio Municipal color rosa, para sensibilizar a la poblaci\u00f3n de esta enfermedad.<\/p>\n<p>Cuando el c\u00e1ncer de mama se detecta en una etapa temprana, las posibilidades de curaci\u00f3n son elevadas, por lo que es necesario acudir a una consulta m\u00e9dica cuando se identifique algunos de los s\u00edntomas como: una bolita o tumoraci\u00f3n, hundimiento de los pechos, engrosamiento de la mama o piel como c\u00e1scara de naranja o cualquier cambio en los pechos de la que se tenga duda, ente otros aspectos que se dan conocer a trav\u00e9s de los diversos medios de comunicaci\u00f3n como redes sociales o con sus m\u00e9dicos particulares.<\/p>\n","protected":false},"excerpt":{"rendered":"<p>Con diversas actividades por parte del gobierno municipal durante octubre, \u201cEl mes de Sensibilizaci\u00f3n del C\u00e1ncer de Mama\u201d,<\/p>\n","protected":false},"author":1,"featured_media":483621,"comment_status":"open","ping_status":"open","sticky":false,"template":"","format":"standard","meta":{"_monsterinsights_skip_tracking":false,"_monsterinsights_sitenote_active":false,"_monsterinsights_sitenote_note":"","_monsterinsights_sitenote_category":0,"footnotes":""},"categories":[5],"tags":[681,43675],"class_list":["post-483620","post","type-post","status-publish","format-standard","has-post-thumbnail","hentry","category-estado-de-mexico","tag-cuautitlan","tag-estado-de-mexico"],"_links":{"self":[{"href":"https:\/\/www.diarioimagen.net\/index.php?rest_route=\/wp\/v2\/posts\/483620","targetHints":{"allow":["GET"]}}],"collection":[{"href":"https:\/\/www.diarioimagen.net\/index.php?rest_route=\/wp\/v2\/posts"}],"about":[{"href":"https:\/\/www.diarioimagen.net\/index.php?rest_route=\/wp\/v2\/types\/post"}],"author":[{"embeddable":true,"href":"https:\/\/www.diarioimagen.net\/index.php?rest_route=\/wp\/v2\/users\/1"}],"replies":[{"embeddable":true,"href":"https:\/\/www.diarioimagen.net\/index.php?rest_route=%2Fwp%2Fv2%2Fcomments&post=483620"}],"version-history":[{"count":0,"href":"https:\/\/www.diarioimagen.net\/index.php?rest_route=\/wp\/v2\/posts\/483620\/revisions"}],"wp:featuredmedia":[{"embeddable":true,"href":"https:\/\/www.diarioimagen.net\/index.php?rest_route=\/wp\/v2\/media\/483621"}],"wp:attachment":[{"href":"https:\/\/www.diarioimagen.net\/index.php?rest_route=%2Fwp%2Fv2%2Fmedia&parent=483620"}],"wp:term":[{"taxonomy":"category","embeddable":true,"href":"https:\/\/www.diarioimagen.net\/index.php?rest_route=%2Fwp%2Fv2%2Fcategories&post=483620"},{"taxonomy":"post_tag","embeddable":true,"href":"https:\/\/www.diarioimagen.net\/index.php?rest_route=%2Fwp%2Fv2%2Ftags&post=483620"}],"curies":[{"name":"wp","href":"https:\/\/api.w.org\/{rel}","templated":true}]}}