{"id":483626,"date":"2020-10-20T00:04:10","date_gmt":"2020-10-20T05:04:10","guid":{"rendered":"https:\/\/www.diarioimagen.net\/?p=483626"},"modified":"2020-10-20T01:08:57","modified_gmt":"2020-10-20T06:08:57","slug":"apoya-el-gobierno-de-naucalpan-la-seguridad-alimentaria-con-implementacion-de-programas","status":"publish","type":"post","link":"https:\/\/www.diarioimagen.net\/?p=483626","title":{"rendered":"Apoya el gobierno de Naucalpan la seguridad alimentaria con implementaci\u00f3n de programas"},"content":{"rendered":"<p>&nbsp;<\/p>\n<ul>\n<li><em><b>Uno de los ejes de la administraci\u00f3n de Patricia Dur\u00e1n Reveles<\/b><\/em><\/li>\n<\/ul>\n<p>&nbsp;<\/p>\n<div id=\"attachment_483627\" style=\"width: 470px\" class=\"wp-caption aligncenter\"><img loading=\"lazy\" decoding=\"async\" aria-describedby=\"caption-attachment-483627\" class=\"size-full wp-image-483627\" src=\"https:\/\/www.diarioimagen.net\/wp-content\/uploads\/2020\/10\/CAMACHO20-apor.jpg\" alt=\"\" width=\"460\" height=\"270\" \/><p id=\"caption-attachment-483627\" class=\"wp-caption-text\">Naucalpan Sin Hambre surgi\u00f3 hace casi dos meses, la cual ha llegado a 19 colonias, en las que se repartieron 4 mil 800 raciones de comida.<\/p><\/div>\n<p>&nbsp;<\/p>\n<p><strong>Naucalpan, Estado de M\u00e9xico<\/strong>.- En el marco del D\u00eda Mundial de la Alimentaci\u00f3n, el gobierno local destac\u00f3 los programas que se han implementado para impulsar la Seguridad Alimentaria, uno de los ejes de la administraci\u00f3n que encabeza la alcaldesa Patricia Dur\u00e1n Reveles.<\/p>\n<p>Naucalpan Sin Hambre es una iniciativa que surgi\u00f3 hace casi dos meses desde la Direcci\u00f3n de Seguridad Ciudadana y Tr\u00e1nsito Municipal, la cual ha llegado a 19 colonias, en las que se repartieron 4 mil 800 raciones de comida.<\/p>\n<p>Durante el reparto de despensas en el pico m\u00e1s alto de la pandemia de COVID-19, elementos del \u00e1rea de Prevenci\u00f3n del Delito propusieron canalizar insumos facilitados por ciudadanos para apoyar a las colonias en situaci\u00f3n vulnerable.<\/p>\n<p>\u201cDetectamos que hay colonias que verdaderamente no tienen un ingreso para comer. Fuimos haciendo gestiones con algunos vecinos, con algunos empresarios y ciudadanos, logramos conseguir insumos para entregar de 200 a 300 comidas calientes, tres veces por semana\u201d, coment\u00f3 Felipe D\u00edaz Reyes, responsable del \u00e1rea de Prevenci\u00f3n del Delito.<\/p>\n<p>Los mismos oficiales preparan la comida desde las 7:00 de la ma\u00f1ana, transportan los recipientes y sirven el alimento en cada colonia. En trabajo conjunto con las autoridades auxiliares se le pide a la poblaci\u00f3n llevar sus propios recipientes para evitar la contaminaci\u00f3n con desechables.<\/p>\n<p>Asimismo, por \u00f3rdenes de la presidenta municipal, Patricia Dur\u00e1n Reveles, se apoya a los 22 comedores comunitarios que surgieron durante la emergencia sanitaria con insumos facilitados por empresas, ciudadan\u00eda y la propia administraci\u00f3n municipal.<\/p>\n<p>Con la coordinaci\u00f3n de la Secretar\u00eda de Gobierno, al momento suman 150 mil raciones servidas a ciudadanos con carencias econ\u00f3micas y alimentarias. Adem\u00e1s, se han entregado 60 mil despensas, producto de esfuerzos ciudadanos, de asociaciones civiles, empresarios y Gobierno.<\/p>\n<p>\u201cUnidos salimos adelante de cualquier crisis, de cualquier reto o problema que se nos presente en la vida\u201d, extern\u00f3 la Alcaldesa durante la entrega de casi media tonelada de insumos en la colonia Benito Ju\u00e1rez.<\/p>\n<p>Por su parte, el Sistema DIF Municipal inform\u00f3 que durante este ciclo escolar se proporcionar\u00e1n 17 mil 871 desayunos escolares a la poblaci\u00f3n infantil vulnerable, los cuales, durante la pandemia, requieren de una log\u00edstica especial para llegar a los alumnos de las 115 escuelas de Naucalpan.<\/p>\n<p>Adem\u00e1s, se reparten desayunos calientes a escuelas diurnas, a un padr\u00f3n de 829 alumnos. El DIF municipal tambi\u00e9n cuenta con Talleres de Envasado, en los que a lo largo del a\u00f1o se ense\u00f1a a 2 mil 500 beneficiarios a preparar conservas, as\u00ed como la elaboraci\u00f3n de comidas saludables bajo el esquema del plato del buen comer.<\/p>\n<p>Asimismo, el \u00e1rea de Nutrici\u00f3n del Instituto Municipal de Atenci\u00f3n a la Salud (IMAS) brinda asesor\u00edas a la poblaci\u00f3n en general, para ofrecer alternativas saludables y prevenir enfermedades. En lo que va del a\u00f1o se han hecho valoraciones a 575 personas de las cuales 215 se han diagnosticado con obesidad y 234 con sobrepeso; a ellas se les ofreci\u00f3 orientaci\u00f3n para mejorar sus h\u00e1bitos alimenticios.<\/p>\n","protected":false},"excerpt":{"rendered":"<p>En el marco del D\u00eda Mundial de la Alimentaci\u00f3n, el gobierno local destac\u00f3 los programas que se han implementado para impulsar la Seguridad Alimentaria, uno de los ejes de la administraci\u00f3n que encabeza la alcaldesa Patricia Dur\u00e1n Reveles.<\/p>\n","protected":false},"author":1,"featured_media":483627,"comment_status":"open","ping_status":"open","sticky":false,"template":"","format":"standard","meta":{"_monsterinsights_skip_tracking":false,"_monsterinsights_sitenote_active":false,"_monsterinsights_sitenote_note":"","_monsterinsights_sitenote_category":0,"footnotes":""},"categories":[5],"tags":[43675,970],"class_list":["post-483626","post","type-post","status-publish","format-standard","has-post-thumbnail","hentry","category-estado-de-mexico","tag-estado-de-mexico","tag-naucalpan"],"_links":{"self":[{"href":"https:\/\/www.diarioimagen.net\/index.php?rest_route=\/wp\/v2\/posts\/483626","targetHints":{"allow":["GET"]}}],"collection":[{"href":"https:\/\/www.diarioimagen.net\/index.php?rest_route=\/wp\/v2\/posts"}],"about":[{"href":"https:\/\/www.diarioimagen.net\/index.php?rest_route=\/wp\/v2\/types\/post"}],"author":[{"embeddable":true,"href":"https:\/\/www.diarioimagen.net\/index.php?rest_route=\/wp\/v2\/users\/1"}],"replies":[{"embeddable":true,"href":"https:\/\/www.diarioimagen.net\/index.php?rest_route=%2Fwp%2Fv2%2Fcomments&post=483626"}],"version-history":[{"count":0,"href":"https:\/\/www.diarioimagen.net\/index.php?rest_route=\/wp\/v2\/posts\/483626\/revisions"}],"wp:featuredmedia":[{"embeddable":true,"href":"https:\/\/www.diarioimagen.net\/index.php?rest_route=\/wp\/v2\/media\/483627"}],"wp:attachment":[{"href":"https:\/\/www.diarioimagen.net\/index.php?rest_route=%2Fwp%2Fv2%2Fmedia&parent=483626"}],"wp:term":[{"taxonomy":"category","embeddable":true,"href":"https:\/\/www.diarioimagen.net\/index.php?rest_route=%2Fwp%2Fv2%2Fcategories&post=483626"},{"taxonomy":"post_tag","embeddable":true,"href":"https:\/\/www.diarioimagen.net\/index.php?rest_route=%2Fwp%2Fv2%2Ftags&post=483626"}],"curies":[{"name":"wp","href":"https:\/\/api.w.org\/{rel}","templated":true}]}}