{"id":483658,"date":"2020-10-20T00:05:02","date_gmt":"2020-10-20T05:05:02","guid":{"rendered":"https:\/\/www.diarioimagen.net\/?p=483658"},"modified":"2020-10-20T22:25:49","modified_gmt":"2020-10-21T03:25:49","slug":"ensenanza-publica-no-puede-ni-debe-detenerse-alfredo-barrera","status":"publish","type":"post","link":"https:\/\/www.diarioimagen.net\/?p=483658","title":{"rendered":"Ense\u00f1anza p\u00fablica no puede ni debe detenerse: Alfredo Barrera Baca"},"content":{"rendered":"<p>&nbsp;<\/p>\n<ul>\n<li><strong><em>El rector de la UAEM encabez\u00f3 el tercer informe anual de actividades de la directora de la Facultad de Ingenier\u00eda, Mar\u00eda Dolores Dur\u00e1n Garc\u00eda<\/em><\/strong><\/li>\n<\/ul>\n<p>&nbsp;<\/p>\n<div id=\"attachment_483659\" style=\"width: 470px\" class=\"wp-caption aligncenter\"><img loading=\"lazy\" decoding=\"async\" aria-describedby=\"caption-attachment-483659\" class=\"wp-image-483659 size-full\" src=\"https:\/\/www.diarioimagen.net\/wp-content\/uploads\/2020\/10\/UaemPortadaPOR.jpg\" alt=\"\" width=\"460\" height=\"270\" \/><p id=\"caption-attachment-483659\" class=\"wp-caption-text\">El rector de la UAEM, Alfredo Barrera, encabez\u00f3 el tercer informe anual de actividades de la directora de la Facultad de Ingenier\u00eda, Mar\u00eda Dolores Dur\u00e1n Garc\u00eda.<\/p><\/div>\n<p><strong>\u00a0<\/strong><\/p>\n<p><strong>Toluca, Estado de M\u00e9xico.\u2013<\/strong> La ense\u00f1anza p\u00fablica, a\u00fan ante la m\u00e1s grave de las amenazas, no puede ni debe detenerse, afirm\u00f3 el rector de la Universidad Aut\u00f3noma del Estado de M\u00e9xico, Alfredo Barrera Baca, quien reconoci\u00f3 el esfuerzo realizado por la comunidad universitaria en el marco de la contingencia sanitaria e inst\u00f3 a un compromiso por mejorar en cada oportunidad.<\/p>\n<p>Al encabezar el tercer informe anual de actividades de la directora de la Facultad de Ingenier\u00eda de la UAEM, Mar\u00eda Dolores Dur\u00e1n Garc\u00eda, el rector subray\u00f3 el liderazgo acad\u00e9mico de la Facultad de Ingenier\u00eda, al incorporar a sus programas de licenciatura y posgrado las tendencias globales del conocimiento, as\u00ed como distinguirse por ser un espacio digno, transparente y vanguardista.<\/p>\n<p>Alfredo Barrera destac\u00f3 los convenios de servicio social y pr\u00e1cticas profesionales con importantes empresas mexiquenses, que demuestran el empe\u00f1o por apoyar la oportuna incorporaci\u00f3n de los egresados a la planta productiva, as\u00ed como el convenio con la Universidad de Murcia, Espa\u00f1a, para otorgar el doble grado a estudiantes de la Maestr\u00eda en Ciencias de la Ingenier\u00eda.<\/p>\n<p>Al reconocer a la directora de la Facultad por ser la primera mujer en presidir una escuela de esta disciplina a nivel nacional y con ello inspirar a las universitarias a elegir carreras vinculadas con la ciencia y tecnolog\u00eda, Alfredo Barrera Baca resalt\u00f3 la disminuci\u00f3n de los \u00edndices de reprobaci\u00f3n en este espacio universitario, resultado de asesor\u00edas y del Programa Institucional de Mentor\u00eda Acad\u00e9mica.<\/p>\n<p>Durante este ejercicio de transparencia y rendici\u00f3n de cuentas, marco en el cual se entreg\u00f3 la Presea \u201cIgnacio Manuel Altamirano\u201d a tres estudiantes y un agradecimiento al ingeniero Jos\u00e9 Ram\u00f3n Oliveros Luna por participar en el Programa del Universitario Benefactor, Dur\u00e1n Garc\u00eda indic\u00f3 que Ingenier\u00eda cuenta con una matr\u00edcula de dos mil 681 alumnos. La directiva abund\u00f3 que para promover la cooperaci\u00f3n internacional se firm\u00f3 un convenio con el Centro Catal\u00e1n del Pl\u00e1stico de la Universidad Polit\u00e9cnica de Catalu\u00f1a, Espa\u00f1a, y un convenio espec\u00edfico de cotutela de tesis doctoral con la Universidad Jaume de Espa\u00f1a.<\/p>\n","protected":false},"excerpt":{"rendered":"<p>La ense\u00f1anza p\u00fablica, a\u00fan ante la m\u00e1s grave de las amenazas, no puede ni debe detenerse, afirm\u00f3 el rector de la Universidad Aut\u00f3noma del Estado de M\u00e9xico, Alfredo Barrera Baca, quien reconoci\u00f3 el esfuerzo realizado por la comunidad universitaria en el marco de la contingencia sanitaria e inst\u00f3 a un compromiso por mejorar en cada oportunidad.<\/p>\n","protected":false},"author":1,"featured_media":483659,"comment_status":"open","ping_status":"open","sticky":false,"template":"","format":"standard","meta":{"_monsterinsights_skip_tracking":false,"_monsterinsights_sitenote_active":false,"_monsterinsights_sitenote_note":"","_monsterinsights_sitenote_category":0,"footnotes":""},"categories":[5],"tags":[91028,43675,452,1491],"class_list":["post-483658","post","type-post","status-publish","format-standard","has-post-thumbnail","hentry","category-estado-de-mexico","tag-alfredo-barrera","tag-estado-de-mexico","tag-toluca","tag-uaem"],"_links":{"self":[{"href":"https:\/\/www.diarioimagen.net\/index.php?rest_route=\/wp\/v2\/posts\/483658","targetHints":{"allow":["GET"]}}],"collection":[{"href":"https:\/\/www.diarioimagen.net\/index.php?rest_route=\/wp\/v2\/posts"}],"about":[{"href":"https:\/\/www.diarioimagen.net\/index.php?rest_route=\/wp\/v2\/types\/post"}],"author":[{"embeddable":true,"href":"https:\/\/www.diarioimagen.net\/index.php?rest_route=\/wp\/v2\/users\/1"}],"replies":[{"embeddable":true,"href":"https:\/\/www.diarioimagen.net\/index.php?rest_route=%2Fwp%2Fv2%2Fcomments&post=483658"}],"version-history":[{"count":0,"href":"https:\/\/www.diarioimagen.net\/index.php?rest_route=\/wp\/v2\/posts\/483658\/revisions"}],"wp:featuredmedia":[{"embeddable":true,"href":"https:\/\/www.diarioimagen.net\/index.php?rest_route=\/wp\/v2\/media\/483659"}],"wp:attachment":[{"href":"https:\/\/www.diarioimagen.net\/index.php?rest_route=%2Fwp%2Fv2%2Fmedia&parent=483658"}],"wp:term":[{"taxonomy":"category","embeddable":true,"href":"https:\/\/www.diarioimagen.net\/index.php?rest_route=%2Fwp%2Fv2%2Fcategories&post=483658"},{"taxonomy":"post_tag","embeddable":true,"href":"https:\/\/www.diarioimagen.net\/index.php?rest_route=%2Fwp%2Fv2%2Ftags&post=483658"}],"curies":[{"name":"wp","href":"https:\/\/api.w.org\/{rel}","templated":true}]}}