{"id":483771,"date":"2020-10-21T00:04:49","date_gmt":"2020-10-21T05:04:49","guid":{"rendered":"https:\/\/www.diarioimagen.net\/?p=483771"},"modified":"2020-10-20T21:17:20","modified_gmt":"2020-10-21T02:17:20","slug":"estrena-naucalpan-aparato-de-ultrasonido-en-jornada-de-deteccion-de-cancer-de-mama","status":"publish","type":"post","link":"https:\/\/www.diarioimagen.net\/?p=483771","title":{"rendered":"Estrena Naucalpan aparato de ultrasonido\u00a0en jornada de detecci\u00f3n de c\u00e1ncer de mama"},"content":{"rendered":"<p>&nbsp;<\/p>\n<ul>\n<li><em><b>Realizar\u00e1n 150 ecograf\u00edas en lo que resta de este mes<\/b><\/em><\/li>\n<\/ul>\n<p>&nbsp;<\/p>\n<div id=\"attachment_483772\" style=\"width: 470px\" class=\"wp-caption aligncenter\"><img loading=\"lazy\" decoding=\"async\" aria-describedby=\"caption-attachment-483772\" class=\"size-full wp-image-483772\" src=\"https:\/\/www.diarioimagen.net\/wp-content\/uploads\/2020\/10\/CAMACHO21-apPOR.jpg\" alt=\"\" width=\"460\" height=\"270\" \/><p id=\"caption-attachment-483772\" class=\"wp-caption-text\">Naucalpan estren\u00f3 un aparato de ultrasonido para detectar diversos padecimientos, entre ellos, las patolog\u00edas mamarias, anunci\u00f3 la directora del Instituto Municipal de Atenci\u00f3n a la Salud, Rosalba Gualito.<\/p><\/div>\n<p>&nbsp;<\/p>\n<p><strong>Naucalpan, Estado de M\u00e9xico<\/strong>.- Con una inversi\u00f3n de 72 mil pesos, el gobierno municipal estren\u00f3 un aparato de ultrasonido para detectar diversos padecimientos, entre ellos, las patolog\u00edas mamarias.<\/p>\n<p>En el marco del D\u00eda Internacional de la Lucha Contra el C\u00e1ncer de Mama, por medio del dispositivo, el Instituto Municipal de Atenci\u00f3n a la Salud (IMAS) realizar\u00e1 de forma gratuita unas 150 ecograf\u00edas del 19 al 30 de octubre. A trav\u00e9s de esta campa\u00f1a, la administraci\u00f3n busca detectar a tiempo anomal\u00edas en los senos de las naucalpenses, pues con ello se puede prevenir el desarrollo de alg\u00fan tumor maligno.<\/p>\n<p>En palabras de la encargada de despacho del IMAS, Rosalba Gualito Casta\u00f1eda, la ecograf\u00eda funge como un complemento a las mastograf\u00edas que ofrece el gobierno del Estado de M\u00e9xico. Asimismo, coment\u00f3 que el aparato de ultrasonido adquirido por el gobierno de Naucalpan permite realizar el estudio a poblaci\u00f3n joven.<\/p>\n<p>\u201cEs important\u00edsimo que se revisen. El c\u00e1ncer de mama es una de las principales causas de muerte en las mujeres.<\/p>\n<p>\u201cEste aparato lo adquirimos gracias a la sensibilidad de la Presidenta Municipal, Patricia Dur\u00e1n Reveles, que est\u00e1 muy preocupada por la salud\u201d, dijo la funcionaria.<\/p>\n<p>De lunes a viernes, en el lapso se\u00f1alado, las ciudadanas podr\u00e1n recibir atenci\u00f3n integral, adem\u00e1s del ultrasonido mamario, el instituto medir\u00e1 sus niveles de glucosa, triglic\u00e9ridos y colesterol, factores que incrementan el riesgo de desarrollar una neoplasia maligna.<\/p>\n<p>En un horario de 9:00 a 16:00 horas, la administraci\u00f3n atender\u00e1 a la ciudadan\u00eda: los lunes, mi\u00e9rcoles y viernes en la Cl\u00ednica Arcos; los martes en el consultorio del edificio anexo al Palacio Municipal, y los jueves en distintos puntos del territorio, por medio de la unidad itinerante.<\/p>\n","protected":false},"excerpt":{"rendered":"<p>Con una inversi\u00f3n de 72 mil pesos, el gobierno municipal estren\u00f3 un aparato de ultrasonido para detectar diversos padecimientos, entre ellos, las patolog\u00edas mamarias.<\/p>\n","protected":false},"author":1,"featured_media":483772,"comment_status":"open","ping_status":"open","sticky":false,"template":"","format":"standard","meta":{"_monsterinsights_skip_tracking":false,"_monsterinsights_sitenote_active":false,"_monsterinsights_sitenote_note":"","_monsterinsights_sitenote_category":0,"footnotes":""},"categories":[5],"tags":[43675,970],"class_list":["post-483771","post","type-post","status-publish","format-standard","has-post-thumbnail","hentry","category-estado-de-mexico","tag-estado-de-mexico","tag-naucalpan"],"_links":{"self":[{"href":"https:\/\/www.diarioimagen.net\/index.php?rest_route=\/wp\/v2\/posts\/483771","targetHints":{"allow":["GET"]}}],"collection":[{"href":"https:\/\/www.diarioimagen.net\/index.php?rest_route=\/wp\/v2\/posts"}],"about":[{"href":"https:\/\/www.diarioimagen.net\/index.php?rest_route=\/wp\/v2\/types\/post"}],"author":[{"embeddable":true,"href":"https:\/\/www.diarioimagen.net\/index.php?rest_route=\/wp\/v2\/users\/1"}],"replies":[{"embeddable":true,"href":"https:\/\/www.diarioimagen.net\/index.php?rest_route=%2Fwp%2Fv2%2Fcomments&post=483771"}],"version-history":[{"count":0,"href":"https:\/\/www.diarioimagen.net\/index.php?rest_route=\/wp\/v2\/posts\/483771\/revisions"}],"wp:featuredmedia":[{"embeddable":true,"href":"https:\/\/www.diarioimagen.net\/index.php?rest_route=\/wp\/v2\/media\/483772"}],"wp:attachment":[{"href":"https:\/\/www.diarioimagen.net\/index.php?rest_route=%2Fwp%2Fv2%2Fmedia&parent=483771"}],"wp:term":[{"taxonomy":"category","embeddable":true,"href":"https:\/\/www.diarioimagen.net\/index.php?rest_route=%2Fwp%2Fv2%2Fcategories&post=483771"},{"taxonomy":"post_tag","embeddable":true,"href":"https:\/\/www.diarioimagen.net\/index.php?rest_route=%2Fwp%2Fv2%2Ftags&post=483771"}],"curies":[{"name":"wp","href":"https:\/\/api.w.org\/{rel}","templated":true}]}}