{"id":483905,"date":"2020-10-22T00:01:02","date_gmt":"2020-10-22T05:01:02","guid":{"rendered":"https:\/\/www.diarioimagen.net\/?p=483905"},"modified":"2020-10-22T00:59:35","modified_gmt":"2020-10-22T05:59:35","slug":"huixquilucan-continuara-reforzando-medidas-de-prevencion-por-coronavirus-e-influenza","status":"publish","type":"post","link":"https:\/\/www.diarioimagen.net\/?p=483905","title":{"rendered":"Huixquilucan continuar\u00e1 reforzando medidas de prevenci\u00f3n por coronavirus e influenza"},"content":{"rendered":"<p>&nbsp;<\/p>\n<p><img loading=\"lazy\" decoding=\"async\" class=\"aligncenter size-full wp-image-483906\" src=\"https:\/\/www.diarioimagen.net\/wp-content\/uploads\/2020\/10\/CAMACHO22-dPOR.jpg\" alt=\"\" width=\"460\" height=\"472\" \/><\/p>\n<p>&nbsp;<\/p>\n<p><strong>Huixquilucan, Estado de M\u00e9xico<\/strong><b>.-<\/b> \u201cSeguimos trabajando para cuidar vidas, vamos a seguir viendo por la vida de los huixquiluquenses\u201d, asegur\u00f3 el alcalde Enrique Vargas del Villar, al tiempo que exhort\u00f3 a la poblaci\u00f3n a no bajar la guardia en las medidas de prevenci\u00f3n, toda vez que estamos en doble riesgo de contagio por coronavirus e influenza.<\/p>\n<p>Vargas del Villar record\u00f3, que Huixquilucan se encuentra entre los municipios con la tasa de mortalidad m\u00e1s baja en el estado de M\u00e9xico, por lo que el exhorto es a seguir cuid\u00e1ndonos.<\/p>\n","protected":false},"excerpt":{"rendered":"<p>\u201cSeguimos trabajando para cuidar vidas, vamos a seguir viendo por la vida de los huixquiluquenses\u201d, asegur\u00f3 el alcalde Enrique Vargas del Villar, al tiempo que exhort\u00f3 a la poblaci\u00f3n a no bajar la guardia en las medidas de prevenci\u00f3n, toda vez que estamos en doble riesgo de contagio por coronavirus e influenza.<\/p>\n","protected":false},"author":1,"featured_media":483907,"comment_status":"open","ping_status":"open","sticky":false,"template":"","format":"standard","meta":{"_monsterinsights_skip_tracking":false,"_monsterinsights_sitenote_active":false,"_monsterinsights_sitenote_note":"","_monsterinsights_sitenote_category":0,"footnotes":""},"categories":[5],"tags":[43675,1097],"class_list":["post-483905","post","type-post","status-publish","format-standard","has-post-thumbnail","hentry","category-estado-de-mexico","tag-estado-de-mexico","tag-huixquilucan"],"_links":{"self":[{"href":"https:\/\/www.diarioimagen.net\/index.php?rest_route=\/wp\/v2\/posts\/483905","targetHints":{"allow":["GET"]}}],"collection":[{"href":"https:\/\/www.diarioimagen.net\/index.php?rest_route=\/wp\/v2\/posts"}],"about":[{"href":"https:\/\/www.diarioimagen.net\/index.php?rest_route=\/wp\/v2\/types\/post"}],"author":[{"embeddable":true,"href":"https:\/\/www.diarioimagen.net\/index.php?rest_route=\/wp\/v2\/users\/1"}],"replies":[{"embeddable":true,"href":"https:\/\/www.diarioimagen.net\/index.php?rest_route=%2Fwp%2Fv2%2Fcomments&post=483905"}],"version-history":[{"count":0,"href":"https:\/\/www.diarioimagen.net\/index.php?rest_route=\/wp\/v2\/posts\/483905\/revisions"}],"wp:featuredmedia":[{"embeddable":true,"href":"https:\/\/www.diarioimagen.net\/index.php?rest_route=\/wp\/v2\/media\/483907"}],"wp:attachment":[{"href":"https:\/\/www.diarioimagen.net\/index.php?rest_route=%2Fwp%2Fv2%2Fmedia&parent=483905"}],"wp:term":[{"taxonomy":"category","embeddable":true,"href":"https:\/\/www.diarioimagen.net\/index.php?rest_route=%2Fwp%2Fv2%2Fcategories&post=483905"},{"taxonomy":"post_tag","embeddable":true,"href":"https:\/\/www.diarioimagen.net\/index.php?rest_route=%2Fwp%2Fv2%2Ftags&post=483905"}],"curies":[{"name":"wp","href":"https:\/\/api.w.org\/{rel}","templated":true}]}}