{"id":484097,"date":"2020-10-23T00:09:40","date_gmt":"2020-10-23T05:09:40","guid":{"rendered":"https:\/\/www.diarioimagen.net\/?p=484097"},"modified":"2020-11-01T23:32:27","modified_gmt":"2020-11-02T05:32:27","slug":"este-domingo-entra-en-vigor-el-horario-de-invierno","status":"publish","type":"post","link":"https:\/\/www.diarioimagen.net\/?p=484097","title":{"rendered":"Este domingo entra en vigor el Horario de Invierno"},"content":{"rendered":"<p>&nbsp;<\/p>\n<ul>\n<li><strong><em>Se deber\u00e1 atrasar una hora el reloj<\/em><\/strong><\/li>\n<\/ul>\n<p>&nbsp;<\/p>\n<div id=\"attachment_484171\" style=\"width: 470px\" class=\"wp-caption aligncenter\"><a href=\"https:\/\/www.diarioimagen.net\/?attachment_id=484171\" rel=\"attachment wp-att-484171\"><img loading=\"lazy\" decoding=\"async\" aria-describedby=\"caption-attachment-484171\" class=\"size-full wp-image-484171\" src=\"https:\/\/www.diarioimagen.net\/wp-content\/uploads\/2020\/10\/horario.jpg\" alt=\"\" width=\"460\" height=\"270\" \/><\/a><p id=\"caption-attachment-484171\" class=\"wp-caption-text\">Este domingo se deber\u00e1 atrasar el reloj una hora al entrar en vigor el Horario de Invierno, el cual se mantendr\u00e1 hasta el d\u00eda 4 de abril de 2021.<\/p><\/div>\n<p>&nbsp;<\/p>\n<p>A las 02:00 horas de este domingo entra en vigor el Horario de Invierno, el cual se mantendr\u00e1 hasta la misma hora del d\u00eda 4 de abril de 2021. El objetivo principal de estos cambios es el de aprovechar la luz natural para realizar las actividades diarias.<\/p>\n<p>Esta medida de cambio de horarios en M\u00e9xico se implement\u00f3 desde 1996, siendo el principal objetivo el disminuir el consumo de energ\u00eda el\u00e9ctrica aprovechando el tiempo de luz natural.<\/p>\n<p>El horario de invierno se caracterizar\u00e1 por contar con d\u00edas de menos horas de luz natural debido a que la Tierra va alej\u00e1ndose cada vez m\u00e1s del Sol y la inclinaci\u00f3n de sus ejes va \u00abacortando\u00bb los d\u00edas. El cual estar\u00e1 vigente durante cinco meses y concluir\u00e1 el domingo 4 de abril de 2021, cuando vuelva a entrar en vigor el tiempo de verano.<\/p>\n<p>Se aconseja realizar el cambio de horario una hora antes de irte a dormir, para que cuando amanezca ya tengas tu reloj a la hora exacta.<\/p>\n<p>Los \u00fanicos estados en los que no aplica el cambio, son Sonora y Quintana Roo, por cuestiones comerciales y de turismo.<\/p>\n<p>Aunque la mayor\u00eda de los estados atrasar\u00e1n sus relojes una hora este domingo 25 de octubre, en Baja California este no ser\u00e1 el caso. Debido a su ubicaci\u00f3n geogr\u00e1fica, el Horario de Invierno 2020 entra en vigor en la franja fronteriza hasta el domingo 1 de noviembre.<\/p>\n<p>Seg\u00fan el Centro Nacional de Metrolog\u00eda (CENAM) el cambio se realiza en la<\/p>\n<p>madrugada para \u201cminimizar los posibles efectos adversos para la sociedad por efecto del ajuste de los relojes\u201d.<\/p>\n<p style=\"text-align: center;\"><strong>Aeropuertos se reportan listos para cambio de horario<\/strong><\/p>\n<p>Por su parte, la Red de Aeropuertos y Servicios Auxiliares (ASA) est\u00e1 preparada para realizar el ajuste de sus relojes con una hora en 13 de sus 19 terminales a\u00e9reas; lo anterior por el inicio del Horario de Invierno 2020, el pr\u00f3ximo domingo. Los aeropuertos de la #RedASA que retrasar\u00e1n una hora sus relojes, a partir de las 02:00 AM del 25 de octubre, son: Campeche, Ciudad del Carmen, Ciudad Victoria, Colima, Ixtepec, Loreto, Poza Rica, Puebla, Puerto Escondido, Tamu\u00edn, Tehuac\u00e1n, Tepic y Uruapan.<\/p>\n<p>La disposici\u00f3n tambi\u00e9n aplica para las terminales a\u00e9reas de Cuernavaca, Quer\u00e9taro, Palenque, Toluca y Tuxtla Guti\u00e9rrez; en las que Aeropuertos y Servicios Auxiliares participa en sociedad.<\/p>\n<p>Las terminales a\u00e9reas de Matamoros y Nuevo Laredo ajustar\u00e1n sus horarios con el cambio correspondiente que se realice en los Estados Unidos de Norte Am\u00e9rica; por encontrarse en una franja fronteriza con un huso horario diferente.<\/p>\n<p>Los aeropuertos de la Red ASA que, por su ubicaci\u00f3n geogr\u00e1fica, NO modificar\u00e1n su horario, son: Guaymas, Ciudad Obreg\u00f3n y Nogales, en Sonora; ya que est\u00e1n regidos por el horario de la zona del Pac\u00edfico; adem\u00e1s de la terminal a\u00e9rea de Chetumal, ya que el estado de Quintana Roo cuenta con el huso horario denominado Regi\u00f3n Sureste, donde no se aplica esta medida.<\/p>\n","protected":false},"excerpt":{"rendered":"<p>A las 02:00 horas de este domingo entra en vigor el Horario de Invierno, el cual se mantendr\u00e1 hasta la misma hora del d\u00eda 4 de abril de 2021. El objetivo principal de estos cambios es el de aprovechar la luz natural para realizar las actividades diarias.<\/p>\n","protected":false},"author":3,"featured_media":484171,"comment_status":"open","ping_status":"open","sticky":false,"template":"","format":"standard","meta":{"_monsterinsights_skip_tracking":false,"_monsterinsights_sitenote_active":false,"_monsterinsights_sitenote_note":"","_monsterinsights_sitenote_category":0,"footnotes":""},"categories":[3],"tags":[69406,66904,47319],"class_list":["post-484097","post","type-post","status-publish","format-standard","has-post-thumbnail","hentry","category-nacional","tag-actividad","tag-horario-de-invierno","tag-vigor"],"_links":{"self":[{"href":"https:\/\/www.diarioimagen.net\/index.php?rest_route=\/wp\/v2\/posts\/484097","targetHints":{"allow":["GET"]}}],"collection":[{"href":"https:\/\/www.diarioimagen.net\/index.php?rest_route=\/wp\/v2\/posts"}],"about":[{"href":"https:\/\/www.diarioimagen.net\/index.php?rest_route=\/wp\/v2\/types\/post"}],"author":[{"embeddable":true,"href":"https:\/\/www.diarioimagen.net\/index.php?rest_route=\/wp\/v2\/users\/3"}],"replies":[{"embeddable":true,"href":"https:\/\/www.diarioimagen.net\/index.php?rest_route=%2Fwp%2Fv2%2Fcomments&post=484097"}],"version-history":[{"count":0,"href":"https:\/\/www.diarioimagen.net\/index.php?rest_route=\/wp\/v2\/posts\/484097\/revisions"}],"wp:featuredmedia":[{"embeddable":true,"href":"https:\/\/www.diarioimagen.net\/index.php?rest_route=\/wp\/v2\/media\/484171"}],"wp:attachment":[{"href":"https:\/\/www.diarioimagen.net\/index.php?rest_route=%2Fwp%2Fv2%2Fmedia&parent=484097"}],"wp:term":[{"taxonomy":"category","embeddable":true,"href":"https:\/\/www.diarioimagen.net\/index.php?rest_route=%2Fwp%2Fv2%2Fcategories&post=484097"},{"taxonomy":"post_tag","embeddable":true,"href":"https:\/\/www.diarioimagen.net\/index.php?rest_route=%2Fwp%2Fv2%2Ftags&post=484097"}],"curies":[{"name":"wp","href":"https:\/\/api.w.org\/{rel}","templated":true}]}}