{"id":484123,"date":"2020-10-23T00:04:20","date_gmt":"2020-10-23T05:04:20","guid":{"rendered":"https:\/\/www.diarioimagen.net\/?p=484123"},"modified":"2020-10-23T01:27:34","modified_gmt":"2020-10-23T06:27:34","slug":"el-coronavirus-barre-parejo","status":"publish","type":"post","link":"https:\/\/www.diarioimagen.net\/?p=484123","title":{"rendered":"El coronavirus barre parejo"},"content":{"rendered":"<h2>Punto por punto<\/h2>\n<h5>Augusto Corro<\/h5>\n<p>&nbsp;<\/p>\n<p>El coronavirus (Covid-19) ataca sin distinci\u00f3n alguna a la clase pol\u00edtica nacional. Durante estos meses de pandemia, 105 alcaldes y nueve gobernadores dieron positivo a la prueba del nuevo virus. Entre los contagiados se encuentran funcionarios del gobierno federal, legisladores y l\u00edderes de partidos pol\u00edticos.<\/p>\n<p>De esa relaci\u00f3n 24 alcaldes perecieron. Entre los gobernadores alcanzados por el virus se encuentran Silvano Aureoles, de Michoac\u00e1n; Jos\u00e9 Rosas Aispuro, de Durango;\u00a0 Carlos Joaqu\u00edn Gonz\u00e1lez, de Quintana Roo; Jaime Bonilla, de Baja California; Francisco Cabeza de Vaca, de Tamaulipas; H\u00e9ctor Astudillo Flores, de Guerrero; Francisco Dom\u00ednguez Serv\u00edan, de Quer\u00e9taro; y Ad\u00e1n Augusto L\u00f3pez, de Tabasco.<\/p>\n<p>Fue el gobernador de Hidalgo, Omar Fayad, el primero en ser diagnosticado portador del Covid-19. Los presidentes municipales fallecidos por el virus gobernaban en varios sitios del territorio nacional. De acuerdo con datos de septiembre, 41 diputados y 84 fueron infectados de Covid-19. Recuperaron su salud poco a poco. Sin embargo,\u00a0 entre los diputados se registr\u00f3 el deceso de Miguel Acundo Gonz\u00e1lez, del PES.<\/p>\n<p>El mi\u00e9rcoles, anteayer, tres de los principales militantes del Movimiento de Regeneraci\u00f3n Nacional (Morena) dieron positivo a Covid-19. En el mismo d\u00eda, ellos son aspirantes a la dirigencia nacional de su partido: Mario Delgado Castillo, Yeidckol Polevnsky y Gibr\u00e1n Ram\u00edrez. Informaron que se aislaron inmediatamente para no contagiar, aunque su vida p\u00fablica los oblig\u00f3 a convivir con un sinn\u00famero de personas.<\/p>\n<p>De los candidatos a dirigir Morena, el diputado Porfirio Mu\u00f1oz Ledo, casi nonagenario, se encuentra a salvo del contagio. El virus lleg\u00f3 a Morena en los momentos en que se efect\u00faa la encuesta para designar a la persona que dirigir\u00e1 al partido que estuvo a cargo de l\u00edderes interinos en los dos \u00faltimos a\u00f1os. Sumido en el divisionismo, el partido guinda fue derrotado en las recientes contiendas electorales efectuadas en Hidalgo y Coahuila.<\/p>\n<p style=\"text-align: center;\"><strong>No hay forma de convencerlos<\/strong><\/p>\n<p>En la Ciudad de M\u00e9xico, como en las grandes metr\u00f3polis, su poblaci\u00f3n es dif\u00edcil de controlar, de hacerla entender de la necesidad de aplicar las medidas sanitarias para frenar el avance el coronavirus.<\/p>\n<p>Planteamos lo anterior porque en el centro de la gran ciudad y en un sinn\u00famero de colonias, las personas se niegan a usar el cubrebocas y a mantener la sana distancia, dos medidas, que m\u00e1s el confinamiento, son las principales armas para enfrentar a la Covid-19.<\/p>\n<p>En este espacio exhortamos continuamente a tomar en serio el coronavirus que contin\u00faa invencible, pues la vacuna que lo derrotar\u00e1 no parece pr\u00f3xima, a pesar de los mensajes alentadores de los laboratorios.<\/p>\n<p>Las amenazas del rebrote de la pandemia se alejan y regresan. El reto para las autoridades es enorme. \u00bfC\u00f3mo evitar que aumente el contagio en la poblaci\u00f3n tan diversa en sus condiciones econ\u00f3micas que obliga, a una gran mayor\u00eda de habitantes, a dejar el confinamiento para salir a conseguir los recursos que le permitan su supervivencia?<\/p>\n<p>De acuerdo con las autoridades sanitarias los j\u00f3venes son quienes m\u00e1s se resisten a protegerse.\u00a0 No s\u00f3lo en M\u00e9xico, tambi\u00e9n en otros pa\u00edses, incluidos los europeos, los sectores juveniles resultaron m\u00e1s afectados en fechas recientes.<\/p>\n<p>En fin, vivimos con la esperanza de que se descubra el ant\u00eddoto del virus ante la amenaza constante de los rebrotes del contagio. No nos queda m\u00e1s que asumir actitudes solidarias que nos permitan contrarrestar la invasi\u00f3n del virus. \u00bfC\u00f3mo? Pues con el uso del cubrebocas, practicar la sana distancia y quedarse en casa.<\/p>\n<p style=\"text-align: center;\"><strong>Los feminicidios<\/strong><\/p>\n<p>El delito de feminicidio report\u00f3 un incremeno de 1.8 por ciento de agosto a septiembre de 2020, concentrado en 14 estados del pa\u00eds, mientras que el \u00edndice del homicidio doloso aument\u00f3 1 por ciento de enero a septiembre de este a\u00f1o, inform\u00f3 el secretario de Seguridad y Protecci\u00f3n Ciudadana, Alfonso Durazo Monta\u00f1o.<\/p>\n<p>Durante los sexenios de Felipe Calder\u00f3n y Enrique Pe\u00f1a Nieto la espiral de violencia creci\u00f3 incontenible. Las cifras de feminicidios, homicidios dolosos, secuestros, asaltos, crecieron constantemente. Esa herencia criminal tampoco se pudo erradicar en el presente gobierno. El a\u00fan secretario Durazo Monta\u00f1o no pudo.<\/p>\n<p>Ante la impotencia de resolver ese problema que nos aterroriza, el citado Durazo Monta\u00f1o, se ir\u00e1 a Sonora a buscar la gubernatura. \u00bfSe trata de una acci\u00f3n loable o de una salida oprobiosa?<\/p>\n<p>Desde la campa\u00f1a pol\u00edtica, el entonces candidato Andr\u00e9s Manuel L\u00f3pez Obrador prometi\u00f3, en caso de llegar a la presidencia de la Rep\u00fablica, acabar con la delincuencia organizada. Ya van dos a\u00f1os que arrib\u00f3 al poder y no ha podido cumplir su promesa.<\/p>\n<p>Si Durazo Monta\u00f1o acompa\u00f1\u00f3 a L\u00f3pez Obrador ten\u00eda o tiene la obligaci\u00f3n moral de seguir con su l\u00edder hasta el final de la aventura. No es as\u00ed. No vio un futuro positivo para sus intereses personales y se va a probar suerte a su tierra. Vaya manera elegante de eludir el compromiso de acabar con la criminalidad.\u00a0 \u00bfUsted qu\u00e9 opina amable lector?<\/p>\n<p><a href=\"mailto:aco2742@hotmail.com\" target=\"_blank\" rel=\"noopener noreferrer\"><em>aco2742@hotmail.com<\/em><\/a><\/p>\n","protected":false},"excerpt":{"rendered":"<p><span style=\"color: #005497;\"><strong>Augusto Corro<\/strong><\/span><\/p>\n","protected":false},"author":3,"featured_media":0,"comment_status":"open","ping_status":"open","sticky":false,"template":"","format":"standard","meta":{"_monsterinsights_skip_tracking":false,"_monsterinsights_sitenote_active":false,"_monsterinsights_sitenote_note":"","_monsterinsights_sitenote_category":0,"footnotes":""},"categories":[157],"tags":[43686,43674,11515],"class_list":["post-484123","post","type-post","status-publish","format-standard","hentry","category-augusto-corro","tag-augusto-corro","tag-opinion","tag-punto-por-punto"],"_links":{"self":[{"href":"https:\/\/www.diarioimagen.net\/index.php?rest_route=\/wp\/v2\/posts\/484123","targetHints":{"allow":["GET"]}}],"collection":[{"href":"https:\/\/www.diarioimagen.net\/index.php?rest_route=\/wp\/v2\/posts"}],"about":[{"href":"https:\/\/www.diarioimagen.net\/index.php?rest_route=\/wp\/v2\/types\/post"}],"author":[{"embeddable":true,"href":"https:\/\/www.diarioimagen.net\/index.php?rest_route=\/wp\/v2\/users\/3"}],"replies":[{"embeddable":true,"href":"https:\/\/www.diarioimagen.net\/index.php?rest_route=%2Fwp%2Fv2%2Fcomments&post=484123"}],"version-history":[{"count":0,"href":"https:\/\/www.diarioimagen.net\/index.php?rest_route=\/wp\/v2\/posts\/484123\/revisions"}],"wp:attachment":[{"href":"https:\/\/www.diarioimagen.net\/index.php?rest_route=%2Fwp%2Fv2%2Fmedia&parent=484123"}],"wp:term":[{"taxonomy":"category","embeddable":true,"href":"https:\/\/www.diarioimagen.net\/index.php?rest_route=%2Fwp%2Fv2%2Fcategories&post=484123"},{"taxonomy":"post_tag","embeddable":true,"href":"https:\/\/www.diarioimagen.net\/index.php?rest_route=%2Fwp%2Fv2%2Ftags&post=484123"}],"curies":[{"name":"wp","href":"https:\/\/api.w.org\/{rel}","templated":true}]}}