{"id":484186,"date":"2020-10-26T00:01:28","date_gmt":"2020-10-26T06:01:28","guid":{"rendered":"https:\/\/www.diarioimagen.net\/?p=484186"},"modified":"2020-10-26T02:44:26","modified_gmt":"2020-10-26T08:44:26","slug":"el-alcalde-raciel-perez-reconocio-y-honro-la-labor-de-las-y-los-medicos","status":"publish","type":"post","link":"https:\/\/www.diarioimagen.net\/?p=484186","title":{"rendered":"El alcalde Raciel P\u00e9rez reconoci\u00f3 y honr\u00f3 la labor de\u00a0 las y los m\u00e9dicos"},"content":{"rendered":"<p>&nbsp;<\/p>\n<p><img loading=\"lazy\" decoding=\"async\" class=\"aligncenter size-full wp-image-484187\" src=\"https:\/\/www.diarioimagen.net\/wp-content\/uploads\/2020\/10\/CAMACHO26-dPOR.jpg\" alt=\"\" width=\"460\" height=\"172\" \/><\/p>\n<p>&nbsp;<\/p>\n<p><strong>Tlalnepantla, Estado de M\u00e9xico<\/strong><b>.- <\/b>Raciel P\u00e9rez Cruz, Presidente Municipal, reconoci\u00f3 y honr\u00f3 la labor de las y los m\u00e9dicos, en especial por el trabajo heroico que han realizado durante la pandemia de COVID-19, en el marco del D\u00eda del M\u00e9dico.<\/p>\n","protected":false},"excerpt":{"rendered":"<p>Raciel P\u00e9rez Cruz, Presidente Municipal, reconoci\u00f3 y honr\u00f3 la labor de las y los m\u00e9dicos<\/p>\n","protected":false},"author":1,"featured_media":484188,"comment_status":"open","ping_status":"open","sticky":false,"template":"","format":"standard","meta":{"_monsterinsights_skip_tracking":false,"_monsterinsights_sitenote_active":false,"_monsterinsights_sitenote_note":"","_monsterinsights_sitenote_category":0,"footnotes":""},"categories":[5],"tags":[43675,169],"class_list":["post-484186","post","type-post","status-publish","format-standard","has-post-thumbnail","hentry","category-estado-de-mexico","tag-estado-de-mexico","tag-tlalnepantla"],"_links":{"self":[{"href":"https:\/\/www.diarioimagen.net\/index.php?rest_route=\/wp\/v2\/posts\/484186","targetHints":{"allow":["GET"]}}],"collection":[{"href":"https:\/\/www.diarioimagen.net\/index.php?rest_route=\/wp\/v2\/posts"}],"about":[{"href":"https:\/\/www.diarioimagen.net\/index.php?rest_route=\/wp\/v2\/types\/post"}],"author":[{"embeddable":true,"href":"https:\/\/www.diarioimagen.net\/index.php?rest_route=\/wp\/v2\/users\/1"}],"replies":[{"embeddable":true,"href":"https:\/\/www.diarioimagen.net\/index.php?rest_route=%2Fwp%2Fv2%2Fcomments&post=484186"}],"version-history":[{"count":0,"href":"https:\/\/www.diarioimagen.net\/index.php?rest_route=\/wp\/v2\/posts\/484186\/revisions"}],"wp:featuredmedia":[{"embeddable":true,"href":"https:\/\/www.diarioimagen.net\/index.php?rest_route=\/wp\/v2\/media\/484188"}],"wp:attachment":[{"href":"https:\/\/www.diarioimagen.net\/index.php?rest_route=%2Fwp%2Fv2%2Fmedia&parent=484186"}],"wp:term":[{"taxonomy":"category","embeddable":true,"href":"https:\/\/www.diarioimagen.net\/index.php?rest_route=%2Fwp%2Fv2%2Fcategories&post=484186"},{"taxonomy":"post_tag","embeddable":true,"href":"https:\/\/www.diarioimagen.net\/index.php?rest_route=%2Fwp%2Fv2%2Ftags&post=484186"}],"curies":[{"name":"wp","href":"https:\/\/api.w.org\/{rel}","templated":true}]}}