{"id":484356,"date":"2020-10-27T00:04:10","date_gmt":"2020-10-27T06:04:10","guid":{"rendered":"https:\/\/www.diarioimagen.net\/?p=484356"},"modified":"2020-10-26T22:15:47","modified_gmt":"2020-10-27T04:15:47","slug":"tolerancia-cero-para-comercios-que-incumplan-medidas-contra-covid-19","status":"publish","type":"post","link":"https:\/\/www.diarioimagen.net\/?p=484356","title":{"rendered":"Tolerancia cero para comercios que incumplan medidas contra Covid-19"},"content":{"rendered":"<p>&nbsp;<\/p>\n<ul>\n<li><em><b>Reiteran llamado en Huixquilucan a no relajar protocolos<\/b><\/em><\/li>\n<\/ul>\n<p>&nbsp;<\/p>\n<div id=\"attachment_484357\" style=\"width: 470px\" class=\"wp-caption aligncenter\"><img loading=\"lazy\" decoding=\"async\" aria-describedby=\"caption-attachment-484357\" class=\"size-full wp-image-484357\" src=\"https:\/\/www.diarioimagen.net\/wp-content\/uploads\/2020\/10\/CAMACHO27-aPOR.jpg\" alt=\"\" width=\"460\" height=\"614\" \/><p id=\"caption-attachment-484357\" class=\"wp-caption-text\">Comercios que no cumplan con las medidas sanitarias ser\u00e1n clausurados, anunci\u00f3 el alcalde de Huixquilucan, Enrique Vargas del Villar.<\/p><\/div>\n<p>&nbsp;<\/p>\n<p><strong>Huixquilucan, Estado de M\u00e9xico<\/strong>.- El gobierno municipal reiter\u00f3 el llamado a la poblaci\u00f3n para que no relajen las medidas sanitarias tanto en el hogar como en los comercios y con ello evitar repunte de personas infectadas por Covid-19.<\/p>\n<p>El presidente municipal, Enrique Vargas del Villar, inform\u00f3 que se incrementar\u00e1n las supervisiones a comercios y en caso de que no cumplan con las medidas sanitarias ser\u00e1n clausurados, toda vez que en Huixquilucan hay cero tolerancia para quien infrinja las disposiciones de salud.<\/p>\n<p>El edil asegur\u00f3 que no permitir\u00e1 que se dejen de lado las medidas preventivas para evitar contagios de coronavirus, ya que \u00e9stas permiten que los comercios permanezcan abiertos y con ello, se reactive la econom\u00eda local.<\/p>\n<p>Record\u00f3, que el uso del cubrebocas es obligatorio en el municipio, por lo que exhort\u00f3 a los due\u00f1os de comercios a promover su uso entre sus clientes y empleados, adem\u00e1s de respetar el aforo m\u00e1ximo del 30 porciento. Cabe recordar que los establecimientos comerciales deber\u00e1n contar con un filtro sanitario de acceso con tapete sanitizante, gel antibacterial, toma de temperatura, la entrada y salida deber\u00e1n estar delimitadas; ventilar naturalmente el espacio y la colocaci\u00f3n de barreras f\u00edsicas en la atenci\u00f3n directa al p\u00fablico, ya sea con pl\u00e1stico o acr\u00edlico transparente.<\/p>\n<p>Enrique Vargas del Villar, reiter\u00f3 a la poblaci\u00f3n cumplir con las medidas sanitarias, porque de todos depende detener los contagios por Covid-19, as\u00ed como evitar llevar menores a realizar las compras.<\/p>\n","protected":false},"excerpt":{"rendered":"<p>El gobierno municipal reiter\u00f3 el llamado a la poblaci\u00f3n para que no relajen las medidas sanitarias tanto en el hogar como en los comercios y con ello evitar repunte de personas infectadas por Covid-19.<\/p>\n","protected":false},"author":1,"featured_media":484358,"comment_status":"open","ping_status":"open","sticky":false,"template":"","format":"standard","meta":{"_monsterinsights_skip_tracking":false,"_monsterinsights_sitenote_active":false,"_monsterinsights_sitenote_note":"","_monsterinsights_sitenote_category":0,"footnotes":""},"categories":[5],"tags":[43675,1097],"class_list":["post-484356","post","type-post","status-publish","format-standard","has-post-thumbnail","hentry","category-estado-de-mexico","tag-estado-de-mexico","tag-huixquilucan"],"_links":{"self":[{"href":"https:\/\/www.diarioimagen.net\/index.php?rest_route=\/wp\/v2\/posts\/484356","targetHints":{"allow":["GET"]}}],"collection":[{"href":"https:\/\/www.diarioimagen.net\/index.php?rest_route=\/wp\/v2\/posts"}],"about":[{"href":"https:\/\/www.diarioimagen.net\/index.php?rest_route=\/wp\/v2\/types\/post"}],"author":[{"embeddable":true,"href":"https:\/\/www.diarioimagen.net\/index.php?rest_route=\/wp\/v2\/users\/1"}],"replies":[{"embeddable":true,"href":"https:\/\/www.diarioimagen.net\/index.php?rest_route=%2Fwp%2Fv2%2Fcomments&post=484356"}],"version-history":[{"count":0,"href":"https:\/\/www.diarioimagen.net\/index.php?rest_route=\/wp\/v2\/posts\/484356\/revisions"}],"wp:featuredmedia":[{"embeddable":true,"href":"https:\/\/www.diarioimagen.net\/index.php?rest_route=\/wp\/v2\/media\/484358"}],"wp:attachment":[{"href":"https:\/\/www.diarioimagen.net\/index.php?rest_route=%2Fwp%2Fv2%2Fmedia&parent=484356"}],"wp:term":[{"taxonomy":"category","embeddable":true,"href":"https:\/\/www.diarioimagen.net\/index.php?rest_route=%2Fwp%2Fv2%2Fcategories&post=484356"},{"taxonomy":"post_tag","embeddable":true,"href":"https:\/\/www.diarioimagen.net\/index.php?rest_route=%2Fwp%2Fv2%2Ftags&post=484356"}],"curies":[{"name":"wp","href":"https:\/\/api.w.org\/{rel}","templated":true}]}}