{"id":484371,"date":"2020-10-28T00:05:32","date_gmt":"2020-10-28T06:05:32","guid":{"rendered":"https:\/\/www.diarioimagen.net\/?p=484371"},"modified":"2020-10-29T00:56:19","modified_gmt":"2020-10-29T06:56:19","slug":"uaem-sera-sede-del-v-congreso-internacional-de-terapia-ocupacional","status":"publish","type":"post","link":"https:\/\/www.diarioimagen.net\/?p=484371","title":{"rendered":"UAEM ser\u00e1 sede del V Congreso Internacional de Terapia Ocupacional"},"content":{"rendered":"<p>&nbsp;<\/p>\n<ul>\n<li><strong><em>Participar\u00e1n especialistas de 6 pa\u00edses<\/em><\/strong><\/li>\n<\/ul>\n<p>&nbsp;<\/p>\n<div id=\"attachment_484372\" style=\"width: 470px\" class=\"wp-caption aligncenter\"><img loading=\"lazy\" decoding=\"async\" aria-describedby=\"caption-attachment-484372\" class=\"wp-image-484372 size-full\" src=\"https:\/\/www.diarioimagen.net\/wp-content\/uploads\/2020\/10\/UAEM27-BIS-POR.jpg\" alt=\"\" width=\"460\" height=\"270\" \/><p id=\"caption-attachment-484372\" class=\"wp-caption-text\">La terapia ocupacional busca prevenir enfermedades, pero tambi\u00e9n integrar a las personas con alguna discapacidad a trav\u00e9s de un proceso de rehabilitaci\u00f3n.<\/p><\/div>\n<p>&nbsp;<\/p>\n<p><strong>Toluca, Estado de M\u00e9xico.\u2013 <\/strong>La Universidad Aut\u00f3noma del Estado de M\u00e9xico, en conjunto con la universidad costarricense Santa Paula, ser\u00e1 sede del V Congreso Internacional de Terapia Ocupacional, que tendr\u00e1 como invitados a especialistas de Argentina, Canad\u00e1, Colombia, Costa Rica, Espa\u00f1a, Estados Unidos y M\u00e9xico.<\/p>\n<p>Con motivo del D\u00eda Mundial de la Terapia Ocupacional, que se celebra cada 27 de octubre, el evento se desarrollar\u00e1 en l\u00ednea del 6 al 8 de noviembre y tiene como objetivo visibilizar la importancia de esta disciplina de la salud que busca prevenir enfermedades, pero tambi\u00e9n integrar a las personas con alguna discapacidad a trav\u00e9s de un proceso de rehabilitaci\u00f3n.<\/p>\n<p>Bajo la tem\u00e1tica general \u201cPotenciando la autonom\u00eda y desarrollo integral en el curso de vida\u201d, los participantes en este ejercicio abordar\u00e1n temas como el desarrollo del lenguaje, salud mental y rehabilitaci\u00f3n oncol\u00f3gica, destac\u00f3 el coordinador de la Licenciatura en Terapia Ocupacional en la Facultad de Medicina de la UAEM, Arturo Mart\u00ednez Cosme.<\/p>\n<p>El servidor universitario se\u00f1al\u00f3 que con 20 a\u00f1os de existencia y m\u00e1s de 440 egresados, la Licenciatura en Terapia Ocupacional cuenta con un amplio campo de ocupaci\u00f3n laboral en hospitales, centros de rehabilitaci\u00f3n y de educaci\u00f3n especial, centros penitenciarios, as\u00ed como \u00e1reas de seguridad e higiene ocupacional de la industria y las instituciones.<\/p>\n<p>Cabe mencionar que a la par de este magno evento se llevar\u00e1 a cabo el III Congreso Internacional de Atenci\u00f3n Temprana y Desarrollo Infantil y el primer Observatorio Internacional de Atenci\u00f3n Temprana y Desarrollo Infantil, eventos en los que participar\u00e1n integrantes de la Red Iberoamericana de Atenci\u00f3n Primaria.<\/p>\n","protected":false},"excerpt":{"rendered":"<p>La Universidad Aut\u00f3noma del Estado de M\u00e9xico, en conjunto con la universidad costarricense Santa Paula, ser\u00e1 sede del V Congreso Internacional de Terapia Ocupacional, que tendr\u00e1 como invitados a especialistas de Argentina, Canad\u00e1, Colombia, Costa Rica, Espa\u00f1a, Estados Unidos y M\u00e9xico. \u00a0<\/p>\n","protected":false},"author":1,"featured_media":484372,"comment_status":"open","ping_status":"open","sticky":false,"template":"","format":"standard","meta":{"_monsterinsights_skip_tracking":false,"_monsterinsights_sitenote_active":false,"_monsterinsights_sitenote_note":"","_monsterinsights_sitenote_category":0,"footnotes":""},"categories":[5],"tags":[43675,452,1491],"class_list":["post-484371","post","type-post","status-publish","format-standard","has-post-thumbnail","hentry","category-estado-de-mexico","tag-estado-de-mexico","tag-toluca","tag-uaem"],"_links":{"self":[{"href":"https:\/\/www.diarioimagen.net\/index.php?rest_route=\/wp\/v2\/posts\/484371","targetHints":{"allow":["GET"]}}],"collection":[{"href":"https:\/\/www.diarioimagen.net\/index.php?rest_route=\/wp\/v2\/posts"}],"about":[{"href":"https:\/\/www.diarioimagen.net\/index.php?rest_route=\/wp\/v2\/types\/post"}],"author":[{"embeddable":true,"href":"https:\/\/www.diarioimagen.net\/index.php?rest_route=\/wp\/v2\/users\/1"}],"replies":[{"embeddable":true,"href":"https:\/\/www.diarioimagen.net\/index.php?rest_route=%2Fwp%2Fv2%2Fcomments&post=484371"}],"version-history":[{"count":0,"href":"https:\/\/www.diarioimagen.net\/index.php?rest_route=\/wp\/v2\/posts\/484371\/revisions"}],"wp:featuredmedia":[{"embeddable":true,"href":"https:\/\/www.diarioimagen.net\/index.php?rest_route=\/wp\/v2\/media\/484372"}],"wp:attachment":[{"href":"https:\/\/www.diarioimagen.net\/index.php?rest_route=%2Fwp%2Fv2%2Fmedia&parent=484371"}],"wp:term":[{"taxonomy":"category","embeddable":true,"href":"https:\/\/www.diarioimagen.net\/index.php?rest_route=%2Fwp%2Fv2%2Fcategories&post=484371"},{"taxonomy":"post_tag","embeddable":true,"href":"https:\/\/www.diarioimagen.net\/index.php?rest_route=%2Fwp%2Fv2%2Ftags&post=484371"}],"curies":[{"name":"wp","href":"https:\/\/api.w.org\/{rel}","templated":true}]}}