{"id":484400,"date":"2020-10-27T00:05:25","date_gmt":"2020-10-27T06:05:25","guid":{"rendered":"https:\/\/www.diarioimagen.net\/?p=484400"},"modified":"2020-10-27T23:53:50","modified_gmt":"2020-10-28T05:53:50","slug":"design-week-mexico-2020-exhibe-auto-solar-de-estudiantes-uaem","status":"publish","type":"post","link":"https:\/\/www.diarioimagen.net\/?p=484400","title":{"rendered":"Design Week M\u00e9xico 2020 exhibe auto solar de estudiantes UAEM"},"content":{"rendered":"<p><em>\u00a0<\/em><\/p>\n<ul>\n<li><strong><em>Una r\u00e9plica de dicho veh\u00edculo a escala 1:6, que mide 86 cent\u00edmetros, es presentada en la categor\u00eda profesional de la plataforma \u201cIn\u00e9dito\u201d de la exhibici\u00f3n, abierta al p\u00fablico hasta el pr\u00f3ximo <\/em><em>mes de febrero en el Bosque de Chapultepec<\/em><br \/>\n<\/strong><\/li>\n<\/ul>\n<p>&nbsp;<\/p>\n<div id=\"attachment_484468\" style=\"width: 470px\" class=\"wp-caption aligncenter\"><a href=\"https:\/\/www.diarioimagen.net\/?attachment_id=484468\" rel=\"attachment wp-att-484468\"><img loading=\"lazy\" decoding=\"async\" aria-describedby=\"caption-attachment-484468\" class=\"size-full wp-image-484468\" src=\"https:\/\/www.diarioimagen.net\/wp-content\/uploads\/2020\/10\/Uaem-auto.jpg\" alt=\"\" width=\"460\" height=\"270\" \/><\/a><p id=\"caption-attachment-484468\" class=\"wp-caption-text\">El Hyadi SRT, conformado por estudiantes y egresados de la UAEM, trabaja en el desarrollo de un auto que funcione con energ\u00eda solar.<\/p><\/div>\n<p>&nbsp;<\/p>\n<p><strong>Toluca, Estado de M\u00e9xico.\u2013 <\/strong>El Quetzal V3, auto solar que dise\u00f1aron y construyen los estudiantes y egresados de la Universidad Aut\u00f3noma del Estado de M\u00e9xico que conforman el Hyadi Solar Racing Team, forma parte de la Design Week M\u00e9xico 2020, la mayor exhibici\u00f3n de dise\u00f1o del pa\u00eds, en la que se presentan trabajos de todo el mundo y a la que los universitarios fueron invitados directamente por los organizadores.<\/p>\n<p>El estudiante de la carrera de Dise\u00f1o Industrial en la Facultad de Arquitectura y Dise\u00f1o de la UAEM, Didier Molina Mendoza, uno de los seis universitarios responsables del dise\u00f1o de la carrocer\u00eda y los interiores del Quetzal V3, indic\u00f3 que una r\u00e9plica de dicho veh\u00edculo a escala 1:6, que mide 86 cent\u00edmetros, es presentada en la categor\u00eda profesional de la plataforma \u201cIn\u00e9dito\u201d de la Design Week M\u00e9xico 2020, abierta al p\u00fablico hasta el pr\u00f3ximo mes de febrero en el Bosque de Chapultepec.<\/p>\n<p>Abund\u00f3 que resultado de toda la difusi\u00f3n que se ha dado al proyecto en los meses recientes, los organizadores de este evento de talla internacional conocieron su trabajo. En \u2018In\u00e9dito\u2019, explic\u00f3, se exponen creaciones y proyectos nunca vistos; sin embargo, Design Week hizo una excepci\u00f3n con el Quetzal V3, dadas sus caracter\u00edsticas y alcances.<\/p>\n<p>\u201cEn la Design Week 2020 participan Estados Unidos como pa\u00eds invitado y Oaxaca como estado, as\u00ed que es un honor y estamos muy emocionados porque es una oportunidad que, sin duda, catapultar\u00e1 nuestro trabajo\u201d.<\/p>\n<p>El egresado de la carrera de Dise\u00f1o Industrial, Jos\u00e9 Antonio Vel\u00e1zquez Guti\u00e9rrez, tambi\u00e9n integrante del equipo, expres\u00f3 que como dise\u00f1ador y universitario es un honor contar con un espacio presencial en la Design Week, cuyos lugares son sometidos a concurso y solo se elige a los mejores. Agradeci\u00f3 el apoyo que a trav\u00e9s de redes sociales ha mostrado la comunidad UAEM hacia el trabajo del Hyadi Solar Racing Team, conformado por 50 estudiantes y egresados de diversas carreras de la Aut\u00f3noma mexiquense y tiene como prop\u00f3sito representar a M\u00e9xico en el Bridgestone World Solar Challenge\u00a0 2021, que se llevar\u00e1 a cabo en Australia.<\/p>\n","protected":false},"excerpt":{"rendered":"<p>El Quetzal V3, auto solar que dise\u00f1aron y construyen los estudiantes y egresados de la Universidad Aut\u00f3noma del Estado de M\u00e9xico que conforman el Hyadi Solar Racing Team, forma parte de la Design Week M\u00e9xico 2020, la mayor exhibici\u00f3n de dise\u00f1o del pa\u00eds, en la que se presentan trabajos de todo el mundo y a la que los universitarios fueron invitados directamente por los organizadores.\u00a0<\/p>\n","protected":false},"author":3,"featured_media":484468,"comment_status":"open","ping_status":"open","sticky":false,"template":"","format":"standard","meta":{"_monsterinsights_skip_tracking":false,"_monsterinsights_sitenote_active":false,"_monsterinsights_sitenote_note":"","_monsterinsights_sitenote_category":0,"footnotes":""},"categories":[5],"tags":[91800,43675,452],"class_list":["post-484400","post","type-post","status-publish","format-standard","has-post-thumbnail","hentry","category-estado-de-mexico","tag-design-week-mexico-uaem","tag-estado-de-mexico","tag-toluca"],"_links":{"self":[{"href":"https:\/\/www.diarioimagen.net\/index.php?rest_route=\/wp\/v2\/posts\/484400","targetHints":{"allow":["GET"]}}],"collection":[{"href":"https:\/\/www.diarioimagen.net\/index.php?rest_route=\/wp\/v2\/posts"}],"about":[{"href":"https:\/\/www.diarioimagen.net\/index.php?rest_route=\/wp\/v2\/types\/post"}],"author":[{"embeddable":true,"href":"https:\/\/www.diarioimagen.net\/index.php?rest_route=\/wp\/v2\/users\/3"}],"replies":[{"embeddable":true,"href":"https:\/\/www.diarioimagen.net\/index.php?rest_route=%2Fwp%2Fv2%2Fcomments&post=484400"}],"version-history":[{"count":0,"href":"https:\/\/www.diarioimagen.net\/index.php?rest_route=\/wp\/v2\/posts\/484400\/revisions"}],"wp:featuredmedia":[{"embeddable":true,"href":"https:\/\/www.diarioimagen.net\/index.php?rest_route=\/wp\/v2\/media\/484468"}],"wp:attachment":[{"href":"https:\/\/www.diarioimagen.net\/index.php?rest_route=%2Fwp%2Fv2%2Fmedia&parent=484400"}],"wp:term":[{"taxonomy":"category","embeddable":true,"href":"https:\/\/www.diarioimagen.net\/index.php?rest_route=%2Fwp%2Fv2%2Fcategories&post=484400"},{"taxonomy":"post_tag","embeddable":true,"href":"https:\/\/www.diarioimagen.net\/index.php?rest_route=%2Fwp%2Fv2%2Ftags&post=484400"}],"curies":[{"name":"wp","href":"https:\/\/api.w.org\/{rel}","templated":true}]}}