{"id":484402,"date":"2020-10-27T00:13:11","date_gmt":"2020-10-27T06:13:11","guid":{"rendered":"https:\/\/www.diarioimagen.net\/?p=484402"},"modified":"2020-11-03T23:35:00","modified_gmt":"2020-11-04T05:35:00","slug":"otros-8-estados-de-mexico-podrian-regresar-al-rojo","status":"publish","type":"post","link":"https:\/\/www.diarioimagen.net\/?p=484402","title":{"rendered":"Otros 8 estados de M\u00e9xico podr\u00edan regresar al \u201crojo\u201d"},"content":{"rendered":"<p>&nbsp;<\/p>\n<h3 style=\"text-align: center;\">Chihuahua retom\u00f3 la m\u00e1xima alerta sanitaria<\/h3>\n<p>&nbsp;<\/p>\n<ul>\n<li><strong><em>Registran m\u00e1s casos activos de Covid por no respetar medidas de prevenci\u00f3n<\/em><\/strong><\/li>\n<\/ul>\n<p>&nbsp;<\/p>\n<div id=\"attachment_484465\" style=\"width: 470px\" class=\"wp-caption aligncenter\"><a href=\"https:\/\/www.diarioimagen.net\/?attachment_id=484465\" rel=\"attachment wp-att-484465\"><img loading=\"lazy\" decoding=\"async\" aria-describedby=\"caption-attachment-484465\" class=\"size-full wp-image-484465\" src=\"https:\/\/www.diarioimagen.net\/wp-content\/uploads\/2020\/10\/SEMAFORO.jpg\" alt=\"\" width=\"460\" height=\"270\" \/><\/a><p id=\"caption-attachment-484465\" class=\"wp-caption-text\">Chihuahua regres\u00f3 al rojo en el sem\u00e1foro epidemiol\u00f3gico y otros ocho estados est\u00e1n en un inminente riesgo de correr la misma suerte.<\/p><\/div>\n<p>&nbsp;<\/p>\n<p>En los \u00faltimos d\u00edas se advirtieron los primeros signos de un rebrote de Covid-19 en M\u00e9xico, como en Chihuahua, que regres\u00f3 al rojo en el sem\u00e1foro epidemiol\u00f3gico, y otros ocho estados en un inminente riesgo de correr la misma suerte al contar con m\u00e1s casos activos y no respetar las medidas de prevenci\u00f3n frente a la nueva enfermedad.<\/p>\n<p>El estado de Chihuahua, como lo adelant\u00f3 su gobernador Javier Corral, es la primera entidad que retrocedi\u00f3 al \u201crojo\u201d (m\u00e1ximo riesgo de contagio), por la tendencia ascendente que mostraron durante las \u00faltimas semanas.<\/p>\n<p>Lastimosamente lo anterior es consecuencia de haber relajado los protocolos de prevenci\u00f3n sanitaria, tales como el uso de cubrebocas y no respetar la sana distancia, situaci\u00f3n que se replica en otras entidades y que de igual manera ya presentaron un incremento en el n\u00famero de casos reportados diariamente.<\/p>\n<p>Adem\u00e1s, se\u00f1alan autoridades locales, que las principales fuentes de contagio de Covid-19 son el transporte p\u00fablico y las fiestas de los fines de semana<\/p>\n<p>Al menos hasta el fin de semana pasado, y de acuerdo con el Sistema Nacional de Vigilancia Epidemiol\u00f3gica, la Ciudad de M\u00e9xico (155,320), Estado de M\u00e9xico (95,530), Nuevo Le\u00f3n (51,046), Guanajuato (46975), Sonora (37,461), Veracruz (36,609), Puebla (34,864), Tabasco (34,072), Jalisco (32,895) y Coahuila (32,032) eran las entidades federativas con el mayor n\u00famero de casos acumulados de coronavirus.<\/p>\n<p>No obstante, no son precisamente las que est\u00e1n en riesgo de regresar al color rojo, pues lo que compete para esa determinaci\u00f3n es la velocidad de nuevos contagios y la cantidad de casos activos, es decir, aquellos pacientes que presentaron s\u00edntomas, dentro de los \u00faltimos 15 d\u00edas.<\/p>\n<p>En ese tenor, los estados con mayor numero de casos activos hasta el fin de semana pasado y con el inminente riesgo de regresar al sem\u00e1foro rojo son: la Ciudad de M\u00e9xico, con 6 mil 109 casos; Nuevo Le\u00f3n, con 2 mil 900 casos; Guanajuato, con mil 857 casos; Estado de M\u00e9xico, con mil 735 casos; Coahuila, con mil 685 casos; Jalisco, con mil 668 casos; Quer\u00e9taro, con mil 442 casos y Yucat\u00e1n, mil 195 casos.<\/p>\n<p>La recomendaci\u00f3n para evitar el escenario de color rojo, una vez m\u00e1s, sigue siendo respetar estrictamente las medidas de prevenci\u00f3n implementadas por las autoridades de salud y que ya todos conocen.<\/p>\n<p>Los gobiernos locales de cada una de las entidades en riesgo han determinado implementar medidas sanitarias m\u00e1s estrictas, a fin de que no se tengan que cerrar de nuevo los negocios y las diversas actividades econ\u00f3micas, lo que frenar\u00eda la lenta recuperaci\u00f3n de diversos sectores afectados por la crisis.<\/p>\n","protected":false},"excerpt":{"rendered":"<p>En los \u00faltimos d\u00edas se advirtieron los primeros signos de un rebrote de Covid-19 en M\u00e9xico, como en Chihuahua, que regres\u00f3 al rojo en el sem\u00e1foro epidemiol\u00f3gico, y otros ocho estados en un inminente riesgo de correr la misma suerte al contar con m\u00e1s casos activos y no respetar las medidas de prevenci\u00f3n frente a la nueva enfermedad.<\/p>\n","protected":false},"author":3,"featured_media":484465,"comment_status":"open","ping_status":"open","sticky":false,"template":"","format":"standard","meta":{"_monsterinsights_skip_tracking":false,"_monsterinsights_sitenote_active":false,"_monsterinsights_sitenote_note":"","_monsterinsights_sitenote_category":0,"footnotes":""},"categories":[3],"tags":[37,90021,29516,91027],"class_list":["post-484402","post","type-post","status-publish","format-standard","has-post-thumbnail","hentry","category-nacional","tag-chihuahua","tag-covid-19","tag-pandemia","tag-semaforo-rojo"],"_links":{"self":[{"href":"https:\/\/www.diarioimagen.net\/index.php?rest_route=\/wp\/v2\/posts\/484402","targetHints":{"allow":["GET"]}}],"collection":[{"href":"https:\/\/www.diarioimagen.net\/index.php?rest_route=\/wp\/v2\/posts"}],"about":[{"href":"https:\/\/www.diarioimagen.net\/index.php?rest_route=\/wp\/v2\/types\/post"}],"author":[{"embeddable":true,"href":"https:\/\/www.diarioimagen.net\/index.php?rest_route=\/wp\/v2\/users\/3"}],"replies":[{"embeddable":true,"href":"https:\/\/www.diarioimagen.net\/index.php?rest_route=%2Fwp%2Fv2%2Fcomments&post=484402"}],"version-history":[{"count":0,"href":"https:\/\/www.diarioimagen.net\/index.php?rest_route=\/wp\/v2\/posts\/484402\/revisions"}],"wp:featuredmedia":[{"embeddable":true,"href":"https:\/\/www.diarioimagen.net\/index.php?rest_route=\/wp\/v2\/media\/484465"}],"wp:attachment":[{"href":"https:\/\/www.diarioimagen.net\/index.php?rest_route=%2Fwp%2Fv2%2Fmedia&parent=484402"}],"wp:term":[{"taxonomy":"category","embeddable":true,"href":"https:\/\/www.diarioimagen.net\/index.php?rest_route=%2Fwp%2Fv2%2Fcategories&post=484402"},{"taxonomy":"post_tag","embeddable":true,"href":"https:\/\/www.diarioimagen.net\/index.php?rest_route=%2Fwp%2Fv2%2Ftags&post=484402"}],"curies":[{"name":"wp","href":"https:\/\/api.w.org\/{rel}","templated":true}]}}