{"id":484426,"date":"2020-10-27T00:04:10","date_gmt":"2020-10-27T06:04:10","guid":{"rendered":"https:\/\/www.diarioimagen.net\/?p=484426"},"modified":"2020-10-26T23:34:52","modified_gmt":"2020-10-27T05:34:52","slug":"resucitar-a-morena","status":"publish","type":"post","link":"https:\/\/www.diarioimagen.net\/?p=484426","title":{"rendered":"Resucitar a Morena"},"content":{"rendered":"<h2>Punto por punto<\/h2>\n<h5>Augusto Corro<\/h5>\n<p>&nbsp;<\/p>\n<p>Claro que la incertidumbre continuar\u00e1 en el partido Movimiento de Regeneraci\u00f3n Nacional (Morena) aunque ya cuente, por fin, con un l\u00edder. Son m\u00faltiples los problemas que enfrenta esa organizaci\u00f3n pol\u00edtica que qued\u00f3 sin cabeza desde hace dos a\u00f1os cuando su dirigente y fundador, Andr\u00e9s Manuel L\u00f3pez Obrador, asumi\u00f3 el poder como Presidente de la Rep\u00fablica. A partir de esa fecha Morena se durmi\u00f3 en sus laureles de los que despert\u00f3 cuando se decidi\u00f3 elegir a su nuevo dirigente. No fue f\u00e1cil para un partido, siempre conflictivo, nombrar a su presidente del Consejo Ejecutivo Nacional. La pugna interna se desat\u00f3 y lleg\u00f3 el divisionismo que nunca pudieron erradicar.<\/p>\n<p>El diputado Mario Delgado fue el ganador de las encuestas realizadas para seleccionar al l\u00edder morenista. Las autoridades electorales confirmaron el triunfo del legislador ante la inconformidad del adversario, tambi\u00e9n diputado, Porfirio Mu\u00f1oz Ledo. Ambos pol\u00edticos no se limitaron en sus declaraciones incendiarias que el enfrentamiento reflej\u00f3 un odio oculto dif\u00edcil de sacudirse. Se lanzaron acusaciones en las que descalificaban su honestidad y honorabilidad. El pleito estuvo en niveles muy bajos, no propios de militantes de un mismo partido y compa\u00f1eros de lucha. Ninguno guard\u00f3 prudencia alguna.<\/p>\n<p style=\"text-align: center;\"><strong>A recoger el basurero<\/strong><\/p>\n<p>En esa situaci\u00f3n de crisis interna, el nuevo dirigente, Mario Delgado, deber\u00e1 armarse de una escoba para barrer los estropicios que propici\u00f3 la pugna por el poder. El l\u00edder deber\u00e1 sacudirse todo lo negativo que produjo la lucha fratricida que apenas empieza. Ya sabemos de la inconformidad de Mu\u00f1oz Ledo que, debido a su forma de actuar y de pensar, la puede llevar muy lejos. Lo interesante ser\u00e1 conocer hasta donde est\u00e1 dispuesto a llegar el veterano pol\u00edtico y su indiscutible experiencia, pues tiene en su r\u00e9cord los dos cargos m\u00e1s importantes en el Partido Revolucionario Institucional (PRI) y Partido de la Revoluci\u00f3n Democr\u00e1tica (PRD).<\/p>\n<p>Para nadie es un secreto que Morena, sin su l\u00edder moral, Andr\u00e9s Manuel L\u00f3pez Obrador, es un partido del mont\u00f3n. Ser\u00e1 responsabilidad de Delgado resucitar el partido y colocarlo en condiciones de competir en las elecciones intermedias del pr\u00f3ximo a\u00f1o. Dijo, en sus primeras declaraciones tras confirmar su triunfo, que de inmediato se asignar\u00e1 tareas para mover al partido y sacarlo del pleito. Sobre la derrota de los candidatos morenistas en las elecciones recientes en Coahuila e Hidalgo dio que el mensaje fue muy claro: \u201cel dinosaurio sigue ah\u00ed, a los hampones no ha llegado la transformaci\u00f3n. Por eso debemos hacer una estructura electoral y una selecci\u00f3n de candidatos transparente\u201d, con miras a la contienda politica del pr\u00f3ximo a\u00f1o.<\/p>\n<p style=\"text-align: center;\"><strong>Las elecciones intermedias<\/strong><\/p>\n<p>\u00a0Como les informamos en este espacio, se votar\u00e1 por 500 nuevos diputados y 15 gobernadores. El diputado Mario Delgado tambi\u00e9n inform\u00f3 que har\u00e1 una gira nacional de inmediato para arrancar los comit\u00e9s de defensa de la Cuarta Transformaci\u00f3n (4-T) para que de ah\u00ed surjan los comit\u00e9s seccionales y distritales, as\u00ed como la estructura electoral de promoci\u00f3n al voto. De las declaraciones del nuevo dirigente se confirm\u00f3 que Morena iba sin rumbo. Perdi\u00f3 la br\u00fajula hace dos a\u00f1os y para encontrar el camino correcto no ser\u00e1 f\u00e1cil. En tiempos de crisis en materia de salud, econom\u00eda y criminalidad, los electores votar\u00e1n por el partido que hizo el mejor papel. En estos temas, Morena no sale bien librado. Basta con informarse de los decesos y contagios por Covid-19; y de los da\u00f1os del virus en una econom\u00eda que ya estaba en p\u00e9simas condiciones. Por otra parte, la espiral de violencia crece cada d\u00eda, a pesar de los mensajes de las autoridades que se refieren a escenarios donde no sucede nada. \u00bfY la ola de feminicidios?<\/p>\n<p>Son pues, como se\u00f1alamos arriba diferentes problemas que deber\u00e1 resolver el l\u00edder Delgado, incluida la lucha por la sucesi\u00f3n presidencial. Del enfrentamiento entre el citado dirigente y Mu\u00f1oz Ledo salieron a relucir las ambiciones de los morenistas que quieren ser presidentes de la rep\u00fablica. Delgado, seg\u00fan se vio, es el representante del grupo que encabeza el canciller Marcelo Ebrard; y Mu\u00f1oz Ledo, el de la jefa del Gobierno de la Ciudad de M\u00e9xico, Claudia Sheinbaum. Con sus posiciones definidas, el pleito de las facciones ser\u00e1 un dolor de cabeza permanente para Delgado. \u00bfUsted qu\u00e9\u00a0 opina amable lector?<\/p>\n<p><a href=\"mailto:aco2742@hotmail.com\" target=\"_blank\" rel=\"noopener noreferrer\"><em>aco2742@hotmail.com<\/em><\/a><\/p>\n","protected":false},"excerpt":{"rendered":"<p><span style=\"color: #005497;\"><strong>Augusto Corro<\/strong><\/span><\/p>\n","protected":false},"author":3,"featured_media":0,"comment_status":"open","ping_status":"open","sticky":false,"template":"","format":"standard","meta":{"_monsterinsights_skip_tracking":false,"_monsterinsights_sitenote_active":false,"_monsterinsights_sitenote_note":"","_monsterinsights_sitenote_category":0,"footnotes":""},"categories":[157],"tags":[43686,43674,11515],"class_list":["post-484426","post","type-post","status-publish","format-standard","hentry","category-augusto-corro","tag-augusto-corro","tag-opinion","tag-punto-por-punto"],"_links":{"self":[{"href":"https:\/\/www.diarioimagen.net\/index.php?rest_route=\/wp\/v2\/posts\/484426","targetHints":{"allow":["GET"]}}],"collection":[{"href":"https:\/\/www.diarioimagen.net\/index.php?rest_route=\/wp\/v2\/posts"}],"about":[{"href":"https:\/\/www.diarioimagen.net\/index.php?rest_route=\/wp\/v2\/types\/post"}],"author":[{"embeddable":true,"href":"https:\/\/www.diarioimagen.net\/index.php?rest_route=\/wp\/v2\/users\/3"}],"replies":[{"embeddable":true,"href":"https:\/\/www.diarioimagen.net\/index.php?rest_route=%2Fwp%2Fv2%2Fcomments&post=484426"}],"version-history":[{"count":0,"href":"https:\/\/www.diarioimagen.net\/index.php?rest_route=\/wp\/v2\/posts\/484426\/revisions"}],"wp:attachment":[{"href":"https:\/\/www.diarioimagen.net\/index.php?rest_route=%2Fwp%2Fv2%2Fmedia&parent=484426"}],"wp:term":[{"taxonomy":"category","embeddable":true,"href":"https:\/\/www.diarioimagen.net\/index.php?rest_route=%2Fwp%2Fv2%2Fcategories&post=484426"},{"taxonomy":"post_tag","embeddable":true,"href":"https:\/\/www.diarioimagen.net\/index.php?rest_route=%2Fwp%2Fv2%2Ftags&post=484426"}],"curies":[{"name":"wp","href":"https:\/\/api.w.org\/{rel}","templated":true}]}}