{"id":484430,"date":"2020-10-27T00:03:09","date_gmt":"2020-10-27T06:03:09","guid":{"rendered":"https:\/\/www.diarioimagen.net\/?p=484430"},"modified":"2020-10-26T23:37:07","modified_gmt":"2020-10-27T05:37:07","slug":"morena-arma-su-ajedrez-politico","status":"publish","type":"post","link":"https:\/\/www.diarioimagen.net\/?p=484430","title":{"rendered":"Morena arma su ajedrez pol\u00edtico"},"content":{"rendered":"<h2>Espacio Electoral<\/h2>\n<h5>Eleazar Flores<\/h5>\n<p>&nbsp;<\/p>\n<p><strong>CANDIDATOS \u201cMORENOS\u201d-.<\/strong> Pian pianito, el partido Morena, de origen presidencial, va armando su ajedrez pol\u00edtico en las entidades del pa\u00eds, con miras a las elecciones de gobernador para el inminente 2021, cuando seguramente aumentar\u00e1 su membres\u00eda considerablemente.<\/p>\n<p>A la actual usanza morenista, los aspirantes pregonan sin empacho, sus deseos de gobernar sus estados de origen, a diferencia de los \u201ctricolores\u201d con su tradicional \u201clo que diga mi partido\u201d.<\/p>\n<p><strong>TRES POR AHORA-.<\/strong> Los candidatos morenos visibles son por ahora Alfonso Durazo, por el norte\u00f1o estado de Sonora, David Monreal -hermano de ya saben qui\u00e9n-, por el minero estado de Zacatecas y ayer se \u201cdestap\u00f3\u201d la discutid\u00edsima de cabellera rojiza, Layda Sansores San Rom\u00e1n, hija \u00fanica del \u201cnegro\u201d Carlos Sansores P\u00e9rez, ex presidente nacional del PRI en el lopezportillismo.<\/p>\n<p>Por el peso del apellido vale dedicar cuando menos un p\u00e1rrafo a Carlos Sansores P\u00e9rez, ex gobernador de Campeche de 1967 a 1973 y quien sucedi\u00f3 en la dirigencia nacional del PRI nada menos que al ide\u00f3logo Porfirio Mu\u00f1oz Ledo, ganador de la encuesta interna de Morena y sin reconocer el triunfo de Mario Delgado que si fuera en futbol, ni con el Var hubiera ganado.<\/p>\n<p>Sansores P\u00e9rez dej\u00f3 el PRI nacional en manos de otro lopezportillista de cepa. El veracruzano Gustavo Carvajal Moreno.<\/p>\n<p>Ahora, la delegada capitalina Layda Sansores P\u00e9rez buscar\u00e1 la gubernatura de su natal Campeche, estado gobernado entre 1967 a 1973 por su padre, don Carlos.<\/p>\n<p><strong>A MEDIO CAMINO-.<\/strong> El gobernador Alfredo Del Mazo Maza dio ayer un mensaje con motivo de su tercer \u201cinforme de resultados\u201d. Ya estar\u00e1n los secretarios de su gabinete dando cuenta ante la Legislatura Local de los trabajos del \u00faltimo a\u00f1o.<\/p>\n<p>Se va a ver la mano del secretario general de Gobierno, Ernesto Nemer \u00c1lvarez, para la comparecencia de los miembros del gabinete, donde seguramente no se limitar\u00e1 a escuchar planteamientos de los diputados, tambi\u00e9n proyecciones para la segunda mitad del sexenio.<\/p>\n<p>Esta es la m\u00e1s importante, con miras a ir enfilando al o a los prospectos a suceder a Del Mazo Maza en el inminente 2023, cuya elecci\u00f3n anhela ganarla Morena.<\/p>\n<p><strong>AUT\u00c9NTICO L\u00cdDER-.<\/strong> Los medios de comunicaci\u00f3n en general deben resentir el fallecimiento de un aut\u00e9ntico l\u00edder de opini\u00f3n, no s\u00f3lo del medio de los espect\u00e1culos. Se trata del conductor del programa de Radio F\u00f3rmula \u201cSalud y Belleza\u201d que por 30 o m\u00e1s a\u00f1os condujo Alfredo Palacios.<\/p>\n<p>Sincero, franco, directo y un lenguaje claro es lo que identific\u00f3 a Palacios y le dio credibilidad, por algo su programa fue el de mayor audiencia por muchos a\u00f1os, code\u00e1ndose con la \u201creina de la radio\u201d Maxime Woodside.<\/p>\n<p>Muchos periodistas y pol\u00edticos quisieran alcanzar su raiting. Vendr\u00e1n cambios.<\/p>\n<p><em><a href=\"mailto:elefa44@gmail.com\" target=\"_blank\" rel=\"noopener noreferrer\">elefa44@gmail.com<\/a><\/em><\/p>\n","protected":false},"excerpt":{"rendered":"<p><span style=\"color: #005497;\"><strong>Eleazar Flores<\/strong><\/span><\/p>\n","protected":false},"author":3,"featured_media":0,"comment_status":"open","ping_status":"open","sticky":false,"template":"","format":"standard","meta":{"_monsterinsights_skip_tracking":false,"_monsterinsights_sitenote_active":false,"_monsterinsights_sitenote_note":"","_monsterinsights_sitenote_category":0,"footnotes":""},"categories":[81743],"tags":[81744,81776,43674],"class_list":["post-484430","post","type-post","status-publish","format-standard","hentry","category-eleazar-flores","tag-eleazar-flores","tag-espacio-electoral","tag-opinion"],"_links":{"self":[{"href":"https:\/\/www.diarioimagen.net\/index.php?rest_route=\/wp\/v2\/posts\/484430","targetHints":{"allow":["GET"]}}],"collection":[{"href":"https:\/\/www.diarioimagen.net\/index.php?rest_route=\/wp\/v2\/posts"}],"about":[{"href":"https:\/\/www.diarioimagen.net\/index.php?rest_route=\/wp\/v2\/types\/post"}],"author":[{"embeddable":true,"href":"https:\/\/www.diarioimagen.net\/index.php?rest_route=\/wp\/v2\/users\/3"}],"replies":[{"embeddable":true,"href":"https:\/\/www.diarioimagen.net\/index.php?rest_route=%2Fwp%2Fv2%2Fcomments&post=484430"}],"version-history":[{"count":0,"href":"https:\/\/www.diarioimagen.net\/index.php?rest_route=\/wp\/v2\/posts\/484430\/revisions"}],"wp:attachment":[{"href":"https:\/\/www.diarioimagen.net\/index.php?rest_route=%2Fwp%2Fv2%2Fmedia&parent=484430"}],"wp:term":[{"taxonomy":"category","embeddable":true,"href":"https:\/\/www.diarioimagen.net\/index.php?rest_route=%2Fwp%2Fv2%2Fcategories&post=484430"},{"taxonomy":"post_tag","embeddable":true,"href":"https:\/\/www.diarioimagen.net\/index.php?rest_route=%2Fwp%2Fv2%2Ftags&post=484430"}],"curies":[{"name":"wp","href":"https:\/\/api.w.org\/{rel}","templated":true}]}}