{"id":484481,"date":"2020-10-28T00:01:23","date_gmt":"2020-10-28T06:01:23","guid":{"rendered":"https:\/\/www.diarioimagen.net\/?p=484481"},"modified":"2020-10-27T23:38:23","modified_gmt":"2020-10-28T05:38:23","slug":"naucalpan-cerrara-panteones-durante-celebraciones-por-dia-de-muertos","status":"publish","type":"post","link":"https:\/\/www.diarioimagen.net\/?p=484481","title":{"rendered":"Naucalpan cerrar\u00e1 panteones durante celebraciones por\u00a0D\u00eda de Muertos"},"content":{"rendered":"<p>&nbsp;<\/p>\n<p><b><img loading=\"lazy\" decoding=\"async\" class=\"aligncenter size-full wp-image-484483\" src=\"https:\/\/www.diarioimagen.net\/wp-content\/uploads\/2020\/10\/CAMACHO28-dPOR.jpg\" alt=\"\" width=\"460\" height=\"386\" \/><\/b><\/p>\n<p>&nbsp;<\/p>\n<p><strong>Naucalpan, Estado de M\u00e9xico<\/strong><b>. &#8211;<\/b> Para inhibir contagios de Covid-19, del 30 de octubre al 2 de noviembre, los 13 panteones municipales locales cerrar\u00e1n sus puertas a las visitas y solamente se ofrecer\u00e1n servicios funerarios.<\/p>\n<p>El cierre de los camposantos\u00a0 atiende el exhorto de la Secretar\u00eda de Salud del Edomex sobre la implementaci\u00f3n de medidas higi\u00e9nico sanitarias, a fin de impedir contagios.<\/p>\n<p>De acuerdo con estimaciones del Departamento de Panteones, en los dos panteones municipales, San Andr\u00e9s Atoto y San Jos\u00e9 R\u00edo Hondo, entre el 1 y 2 de noviembre llegan a concentrarse alrededor de 35 mil personas. Ambos cementerios suman poco m\u00e1s de 17 mil fosas.<\/p>\n","protected":false},"excerpt":{"rendered":"<p>Para inhibir contagios de Covid-19, del 30 de octubre al 2 de noviembre, los 13 panteones municipales locales cerrar\u00e1n sus puertas a las visitas y solamente se ofrecer\u00e1n servicios funerarios.<\/p>\n","protected":false},"author":1,"featured_media":484482,"comment_status":"open","ping_status":"open","sticky":false,"template":"","format":"standard","meta":{"_monsterinsights_skip_tracking":false,"_monsterinsights_sitenote_active":false,"_monsterinsights_sitenote_note":"","_monsterinsights_sitenote_category":0,"footnotes":""},"categories":[5],"tags":[12303,43675,970],"class_list":["post-484481","post","type-post","status-publish","format-standard","has-post-thumbnail","hentry","category-estado-de-mexico","tag-dia-de-muertos","tag-estado-de-mexico","tag-naucalpan"],"_links":{"self":[{"href":"https:\/\/www.diarioimagen.net\/index.php?rest_route=\/wp\/v2\/posts\/484481","targetHints":{"allow":["GET"]}}],"collection":[{"href":"https:\/\/www.diarioimagen.net\/index.php?rest_route=\/wp\/v2\/posts"}],"about":[{"href":"https:\/\/www.diarioimagen.net\/index.php?rest_route=\/wp\/v2\/types\/post"}],"author":[{"embeddable":true,"href":"https:\/\/www.diarioimagen.net\/index.php?rest_route=\/wp\/v2\/users\/1"}],"replies":[{"embeddable":true,"href":"https:\/\/www.diarioimagen.net\/index.php?rest_route=%2Fwp%2Fv2%2Fcomments&post=484481"}],"version-history":[{"count":0,"href":"https:\/\/www.diarioimagen.net\/index.php?rest_route=\/wp\/v2\/posts\/484481\/revisions"}],"wp:featuredmedia":[{"embeddable":true,"href":"https:\/\/www.diarioimagen.net\/index.php?rest_route=\/wp\/v2\/media\/484482"}],"wp:attachment":[{"href":"https:\/\/www.diarioimagen.net\/index.php?rest_route=%2Fwp%2Fv2%2Fmedia&parent=484481"}],"wp:term":[{"taxonomy":"category","embeddable":true,"href":"https:\/\/www.diarioimagen.net\/index.php?rest_route=%2Fwp%2Fv2%2Fcategories&post=484481"},{"taxonomy":"post_tag","embeddable":true,"href":"https:\/\/www.diarioimagen.net\/index.php?rest_route=%2Fwp%2Fv2%2Ftags&post=484481"}],"curies":[{"name":"wp","href":"https:\/\/api.w.org\/{rel}","templated":true}]}}