{"id":484485,"date":"2020-10-28T00:02:12","date_gmt":"2020-10-28T06:02:12","guid":{"rendered":"https:\/\/www.diarioimagen.net\/?p=484485"},"modified":"2020-10-27T23:39:59","modified_gmt":"2020-10-28T05:39:59","slug":"se-suspende-la-tradicional-feria-de-dia-de-muertos-en-cuautitlan-mex","status":"publish","type":"post","link":"https:\/\/www.diarioimagen.net\/?p=484485","title":{"rendered":"Se suspende la tradicional feria de D\u00eda de Muertos en Cuautitl\u00e1n"},"content":{"rendered":"<p>&nbsp;<\/p>\n<ul>\n<li><em><b>Acatamiento de medidas preventivas sanitarias<span class=\"Apple-converted-space\">\u00a0<\/span><\/b><\/em><\/li>\n<\/ul>\n<p>&nbsp;<\/p>\n<div id=\"attachment_484486\" style=\"width: 470px\" class=\"wp-caption aligncenter\"><img loading=\"lazy\" decoding=\"async\" aria-describedby=\"caption-attachment-484486\" class=\"size-full wp-image-484486\" src=\"https:\/\/www.diarioimagen.net\/wp-content\/uploads\/2020\/10\/CAMACHO28-cPOR.jpg\" alt=\"\" width=\"460\" height=\"270\" \/><p id=\"caption-attachment-484486\" class=\"wp-caption-text\">El gobierno municipal y asociaciones de comerciantes locales, acordaron no llevar acabo la Tradicional Feria Comercial del\u00a0D\u00eda de Muertos.<\/p><\/div>\n<p>&nbsp;<\/p>\n<p><strong>Cuautitl\u00e1n, Estado de M\u00e9xico<\/strong>.- En concordancia con las medidas preventivas sanitarias emitidas por el sector salud ante la presencia de la pandemia en el pa\u00eds, el gobierno municipal y asociaciones de comerciantes locales, acordaron no llevar acabo la Tradicional Feria Comercial del D\u00eda de Muertos, que se instalaba en esta \u00e9poca, en el primer cuadro del municipio.<\/p>\n<p>Durante una reuni\u00f3n con representantes de la Uni\u00f3n de Comerciantes del Mercado de Cuautitl\u00e1n, M\u00e9xico y Anexos, A.C., se acord\u00f3 suspender la realizaci\u00f3n de esta tradicional feria que se ven\u00eda instalando cada a\u00f1o, por lo que el 30 y 31 de octubre, 1 y 2 de noviembre, no se instalar\u00e1n los 79 comerciantes registrados, sobre las calles aleda\u00f1as al mercado municipal.<\/p>\n<p>La Direcci\u00f3n de Desarrollo Econ\u00f3mico, la subdirecci\u00f3n de Salud de Cuautitl\u00e1n con el apoyo de la coordinaci\u00f3n de Protecci\u00f3n Civil y Bomberos, se\u00f1alaron la importancia de llevar acabo esta medida preventiva sanitaria para evitar la concentraci\u00f3n de personas en un solo sitio, al que acudir\u00edan a comprar sus productos para celebrar el tradicional d\u00eda de muertos.<\/p>\n<p>En el mismo sentido, se pide a los padres de familia que durante los festejos tradicionales del D\u00eda de Muertos, eviten este 31 de octubre 1 y 2 de noviembre que ni\u00f1as, ni\u00f1os y j\u00f3venes salgan a recorrer las calles para pedir su \u201ccalaverita\u201d, para evitar la transmisi\u00f3n de la enfermedad ocasionada por el SARS-COV-2.<\/p>\n","protected":false},"excerpt":{"rendered":"<p>En concordancia con las medidas preventivas sanitarias emitidas por el sector salud ante la presencia de la pandemia en el pa\u00eds, el gobierno municipal y asociaciones de comerciantes locales, acordaron no llevar acabo la Tradicional Feria Comercial del D\u00eda de Muertos, que se instalaba en esta \u00e9poca, en el primer cuadro del municipio.<\/p>\n","protected":false},"author":1,"featured_media":484486,"comment_status":"open","ping_status":"open","sticky":false,"template":"","format":"standard","meta":{"_monsterinsights_skip_tracking":false,"_monsterinsights_sitenote_active":false,"_monsterinsights_sitenote_note":"","_monsterinsights_sitenote_category":0,"footnotes":""},"categories":[5],"tags":[681,12303,43675],"class_list":["post-484485","post","type-post","status-publish","format-standard","has-post-thumbnail","hentry","category-estado-de-mexico","tag-cuautitlan","tag-dia-de-muertos","tag-estado-de-mexico"],"_links":{"self":[{"href":"https:\/\/www.diarioimagen.net\/index.php?rest_route=\/wp\/v2\/posts\/484485","targetHints":{"allow":["GET"]}}],"collection":[{"href":"https:\/\/www.diarioimagen.net\/index.php?rest_route=\/wp\/v2\/posts"}],"about":[{"href":"https:\/\/www.diarioimagen.net\/index.php?rest_route=\/wp\/v2\/types\/post"}],"author":[{"embeddable":true,"href":"https:\/\/www.diarioimagen.net\/index.php?rest_route=\/wp\/v2\/users\/1"}],"replies":[{"embeddable":true,"href":"https:\/\/www.diarioimagen.net\/index.php?rest_route=%2Fwp%2Fv2%2Fcomments&post=484485"}],"version-history":[{"count":0,"href":"https:\/\/www.diarioimagen.net\/index.php?rest_route=\/wp\/v2\/posts\/484485\/revisions"}],"wp:featuredmedia":[{"embeddable":true,"href":"https:\/\/www.diarioimagen.net\/index.php?rest_route=\/wp\/v2\/media\/484486"}],"wp:attachment":[{"href":"https:\/\/www.diarioimagen.net\/index.php?rest_route=%2Fwp%2Fv2%2Fmedia&parent=484485"}],"wp:term":[{"taxonomy":"category","embeddable":true,"href":"https:\/\/www.diarioimagen.net\/index.php?rest_route=%2Fwp%2Fv2%2Fcategories&post=484485"},{"taxonomy":"post_tag","embeddable":true,"href":"https:\/\/www.diarioimagen.net\/index.php?rest_route=%2Fwp%2Fv2%2Ftags&post=484485"}],"curies":[{"name":"wp","href":"https:\/\/api.w.org\/{rel}","templated":true}]}}