{"id":484514,"date":"2020-10-28T00:13:24","date_gmt":"2020-10-28T06:13:24","guid":{"rendered":"https:\/\/www.diarioimagen.net\/?p=484514"},"modified":"2020-10-28T08:55:16","modified_gmt":"2020-10-28T14:55:16","slug":"pfizer-inicio-pruebas-de-vacuna-en-ninos-y-adolescentes","status":"publish","type":"post","link":"https:\/\/www.diarioimagen.net\/?p=484514","title":{"rendered":"Pfizer inici\u00f3 pruebas de vacuna en ni\u00f1os y adolescentes"},"content":{"rendered":"<p>&nbsp;<\/p>\n<ul>\n<li><strong><em>\u00danica farmac\u00e9utica que permite a menores unirse a ensayos, en Estados Unidos<\/em><\/strong><\/li>\n<\/ul>\n<p>&nbsp;<\/p>\n<div id=\"attachment_484619\" style=\"width: 470px\" class=\"wp-caption aligncenter\"><a href=\"https:\/\/www.diarioimagen.net\/?attachment_id=484619\" rel=\"attachment wp-att-484619\"><img loading=\"lazy\" decoding=\"async\" aria-describedby=\"caption-attachment-484619\" class=\"size-full wp-image-484619\" src=\"https:\/\/www.diarioimagen.net\/wp-content\/uploads\/2020\/10\/VACUNA-NINOS.jpg\" alt=\"\" width=\"460\" height=\"270\" \/><\/a><p id=\"caption-attachment-484619\" class=\"wp-caption-text\">Pfizer baj\u00f3 el rango de edad a 16 a\u00f1os con el objetivo de incluir en sus ensayos de vacuna a al menos 3 mil adolescentes.<\/p><\/div>\n<p>&nbsp;<\/p>\n<p>La farmac\u00e9utica Pfizer comenz\u00f3 a incluir a ni\u00f1os y adolescentes en sus ensayos cl\u00ednicos para su vacuna contra covid-19, ampliando la edad de participaci\u00f3n para incluir a estudiantes de secundaria y preparatoria, inform\u00f3 el diario <em>USA Today<\/em>.<\/p>\n<p>Por el momento, Pfizer es el \u00fanico laboratorio que permite a menores de edad unirse a los ensayos de vacunas contra el coronavirus.<\/p>\n<p>Inicialmente, la compa\u00f1\u00eda baj\u00f3 el rango de edad a 16 a\u00f1os, con el objetivo de incluir en sus pruebas a al menos 3 mil adolescentes y la semana pasada, el Hospital de Ni\u00f1os de Cincinnati vacun\u00f3 al primer ni\u00f1o de 12 a\u00f1os.<\/p>\n<p>Los expertos en vacunas y los pediatras han expresado reacciones encontradas ante los ensayos con adolescentes de Pfizer, explica USA Today.<\/p>\n<p>Algunos expertos opinan que los fabricantes de medicamentos deber\u00edan esperar hasta que las vacunas hayan sido aprobadas en adultos, mientras que otros consideran que es necesario realizar pruebas de vacunas entre grupos espec\u00edficos, incluidos los menores.<\/p>\n<p>Si yo fuera parte de la FDA (la Administraci\u00f3n de Medicamentos y Alimentos de Estados Unidos), sin duda me gustar\u00eda estar muy convencido de la seguridad de una vacuna antes de aprobar su uso en ni\u00f1os\u201d, coment\u00f3 el m\u00e9dico pediatra Cody Meissner, MD, especialista en enfermedades infecciosas del Tufts Children\u2019s Hospital en una reuni\u00f3n del panel asesor de la FDA.<\/p>\n<p>Las caracter\u00edsticas de la enfermedad pueden ser diferentes en los ni\u00f1os, explic\u00f3 Meissner, lo que plantea dudas sobre la realizaci\u00f3n de pruebas tanto a menores como a adultos al mismo tiempo. Sin embargo, otros argumentaron que la devastadora pandemia de este a\u00f1o exige diferentes protocolos que llevar\u00edan a los adolescentes y preadolescentes a los ensayos cl\u00ednicos \u201clo antes posible\u201d.<\/p>\n<p>No debemos permitir que los ni\u00f1os mueran. Ese es nuestro trabajo como pediatras para hacer ruido y asegurarnos de que la gente se d\u00e9 cuenta\u201d, coment\u00f3 a USA Today la doctora Barbara Pahud, investigadora de enfermedades infecciosas del Children\u2019s Mercy Hospital.<\/p>\n<p>M\u00e1s de medio mill\u00f3n de ni\u00f1os en Estados Unidos han contra\u00eddo covid-19 en lo que va de la pandemia, seg\u00fan cifras oficiales, y es posible que incluso m\u00e1s hayan sido infectados, pero no examinados.<\/p>\n<p>La mayor\u00eda de los ni\u00f1os se recuperan sin s\u00edntomas importantes, pero algunos han muerto y es probable que muchos hayan transmitido el coronavirus a sus padres, abuelos y maestros.<\/p>\n<p>Con algo que ha puesto nuestro mundo patas arriba, le da (a Pfizer) una raz\u00f3n a\u00fan m\u00e1s fuerte de por qu\u00e9 desea realizar la prueba ahora\u201d, dijo a USA Today el doctor Robert Frenck Jr., director de investigaci\u00f3n de vacunas del Cincinnati Children\u2019s.<\/p>\n<p>Frenck administr\u00f3 las primeras vacunas experimentales de Pfizer a menores la semana pasada, entre ellas a un ni\u00f1o de 12 a\u00f1os, que es el voluntario m\u00e1s joven hasta ahora.<\/p>\n<p>Frenck dijo que ha visto pocos efectos secundarios.<\/p>\n<p>Los m\u00e1s comunes incluyen fatiga, dolor muscular en el lugar de la inyecci\u00f3n y dolores articulares durante unos d\u00edas.<\/p>\n<p>Pfizer no ha publicado detalles sobre el programa para adolescentes, pero la compa\u00f1\u00eda dijo que estudiar\u00e1 la vacuna en un grupo de edad antes de pasar a edades m\u00e1s j\u00f3venes.<\/p>\n","protected":false},"excerpt":{"rendered":"<p>La farmac\u00e9utica Pfizer comenz\u00f3 a incluir a ni\u00f1os y adolescentes en sus ensayos cl\u00ednicos para su vacuna contra covid-19, ampliando la edad de participaci\u00f3n para incluir a estudiantes de secundaria y preparatoria, inform\u00f3 el diario <em>USA Today<\/em>.<\/p>\n","protected":false},"author":3,"featured_media":484619,"comment_status":"open","ping_status":"open","sticky":false,"template":"","format":"standard","meta":{"_monsterinsights_skip_tracking":false,"_monsterinsights_sitenote_active":false,"_monsterinsights_sitenote_note":"","_monsterinsights_sitenote_category":0,"footnotes":""},"categories":[877],"tags":[91783,43692,4713],"class_list":["post-484514","post","type-post","status-publish","format-standard","has-post-thumbnail","hentry","category-salud","tag-pfizer","tag-salud","tag-vacuna"],"_links":{"self":[{"href":"https:\/\/www.diarioimagen.net\/index.php?rest_route=\/wp\/v2\/posts\/484514","targetHints":{"allow":["GET"]}}],"collection":[{"href":"https:\/\/www.diarioimagen.net\/index.php?rest_route=\/wp\/v2\/posts"}],"about":[{"href":"https:\/\/www.diarioimagen.net\/index.php?rest_route=\/wp\/v2\/types\/post"}],"author":[{"embeddable":true,"href":"https:\/\/www.diarioimagen.net\/index.php?rest_route=\/wp\/v2\/users\/3"}],"replies":[{"embeddable":true,"href":"https:\/\/www.diarioimagen.net\/index.php?rest_route=%2Fwp%2Fv2%2Fcomments&post=484514"}],"version-history":[{"count":0,"href":"https:\/\/www.diarioimagen.net\/index.php?rest_route=\/wp\/v2\/posts\/484514\/revisions"}],"wp:featuredmedia":[{"embeddable":true,"href":"https:\/\/www.diarioimagen.net\/index.php?rest_route=\/wp\/v2\/media\/484619"}],"wp:attachment":[{"href":"https:\/\/www.diarioimagen.net\/index.php?rest_route=%2Fwp%2Fv2%2Fmedia&parent=484514"}],"wp:term":[{"taxonomy":"category","embeddable":true,"href":"https:\/\/www.diarioimagen.net\/index.php?rest_route=%2Fwp%2Fv2%2Fcategories&post=484514"},{"taxonomy":"post_tag","embeddable":true,"href":"https:\/\/www.diarioimagen.net\/index.php?rest_route=%2Fwp%2Fv2%2Ftags&post=484514"}],"curies":[{"name":"wp","href":"https:\/\/api.w.org\/{rel}","templated":true}]}}