{"id":484516,"date":"2020-10-27T00:02:41","date_gmt":"2020-10-27T06:02:41","guid":{"rendered":"https:\/\/www.diarioimagen.net\/?p=484516"},"modified":"2020-10-28T08:41:54","modified_gmt":"2020-10-28T14:41:54","slug":"accion-penal-contra-6-elementos-de-la-gn-por-muerte-de-activista-en-chihuahua","status":"publish","type":"post","link":"https:\/\/www.diarioimagen.net\/?p=484516","title":{"rendered":"Acci\u00f3n penal contra 6 elementos de la GN por muerte de activista en Chihuahua"},"content":{"rendered":"<p>&nbsp;<\/p>\n<ul>\n<li><strong><em>Tras casi 2 meses de investigaci\u00f3n<\/em><\/strong><\/li>\n<\/ul>\n<p>&nbsp;<\/p>\n<div id=\"attachment_484615\" style=\"width: 470px\" class=\"wp-caption aligncenter\"><a href=\"https:\/\/www.diarioimagen.net\/?attachment_id=484615\" rel=\"attachment wp-att-484615\"><img loading=\"lazy\" decoding=\"async\" aria-describedby=\"caption-attachment-484615\" class=\"size-full wp-image-484615\" src=\"https:\/\/www.diarioimagen.net\/wp-content\/uploads\/2020\/10\/GUARDIA-NACIONAl.jpg\" alt=\"\" width=\"460\" height=\"270\" \/><\/a><p id=\"caption-attachment-484615\" class=\"wp-caption-text\">Seis elementos de la Guardia Nacional fueron detenidos por FGR acusados de la de una mujer durante las protestas que derivaron en la toma de la presa La Boquilla.<\/p><\/div>\n<p>&nbsp;<\/p>\n<p>La Fiscal\u00eda General de la Rep\u00fablica (FGR) anunci\u00f3 este martes que se ejerci\u00f3 acci\u00f3n penal contra seis elementos de la Guardia Nacional, que fueron detenidos por su participaci\u00f3n en el ataque que provoc\u00f3 el fallecimiento de una mujer activista en Delicias, Chihuahua, en septiembre pasado.<\/p>\n<p>Jessica Silva y su esposo regresaban a su casa a bordo de una camioneta, luego de participar el pasado 8 de septiembre en las protestas que se han llevado a cabo en la presa La Boquilla y en la ciudad de Delicias se encontraron con unidades de la Guardia Nacional que abrieron fuego en su contra. La mujer falleci\u00f3 y su c\u00f3nyuge result\u00f3 gravemente lesionado.<\/p>\n<p>Este martes, a trav\u00e9s de su cuenta de Twitter, la Guardia Nacional inform\u00f3 \u201cque una vez que @FGRMexico realiz\u00f3 la investigaci\u00f3n correspondiente a los lamentables hechos registrados el pasado mes de septiembre en Delicias #Chihuahua, encontr\u00f3 elementos que hacen suponer la culpabilidad de algunos elementos de nuestra Instituci\u00f3n\u201d.<\/p>\n<p>Ante esto, \u201cse cumplimentaron seis \u00f3rdenes de aprehensi\u00f3n contra el personal involucrado en un marco de legalidad y respeto a los derechos humanos. Cabe se\u00f1alar que desde el primer momento, se colabor\u00f3 con las autoridades ministeriales para deslindar las responsabilidades.<\/p>\n<p>\u201cReiteramos que en la #GuardiaNacional no se tolerar\u00e1n abusos o uso excesivo de la fuerza por parte de su personal, normando su actuaci\u00f3n en el irrestricto respeto a los derechos humanos\u201d.<\/p>\n<p>La FGR inform\u00f3 que los seis elementos fueron puestos a disposici\u00f3n de un juez de distrito en Chihuahua y se les imputaron delitos contra la administraci\u00f3n de justicia, homicidio calificado y tentativa de homicidio.<\/p>\n<p>Hasta ayer, no ha precisado si ya fueron vinculados a proceso por dichos delitos.<\/p>\n<p style=\"text-align: center;\"><strong>Detenciones en GN muestran que no habr\u00e1 impunidad: AMLO<\/strong><\/p>\n<p>Sobre las aprehensiones de los elementos de la Guardia Nacional, el presidente Andr\u00e9s Manuel L\u00f3pez Obrador afirm\u00f3 que no habr\u00e1 impunidad; subray\u00f3 que se castigar\u00e1 a los presuntos responsables de estos hechos.<\/p>\n<p>En conferencia, L\u00f3pez Obrador se\u00f1al\u00f3 que \u201cnosotros no vamos a encubrir a nadie, no hay impunidad en este gobierno\u201d.<\/p>\n<p>Dijo que en su momento se colabor\u00f3 con autoridades ministeriales y de la actuaci\u00f3n de la Fiscal\u00eda General de la Rep\u00fablica para deslindar responsabilidades.<\/p>\n","protected":false},"excerpt":{"rendered":"<p>La Fiscal\u00eda General de la Rep\u00fablica (FGR) anunci\u00f3 este martes que se ejerci\u00f3 acci\u00f3n penal contra seis elementos de la Guardia Nacional, que fueron detenidos por su participaci\u00f3n en el ataque que provoc\u00f3 el fallecimiento de una mujer activista en Delicias, Chihuahua, en septiembre pasado.<\/p>\n","protected":false},"author":3,"featured_media":484615,"comment_status":"open","ping_status":"open","sticky":false,"template":"","format":"standard","meta":{"_monsterinsights_skip_tracking":false,"_monsterinsights_sitenote_active":false,"_monsterinsights_sitenote_note":"","_monsterinsights_sitenote_category":0,"footnotes":""},"categories":[3],"tags":[85343,65036,4160,43677],"class_list":["post-484516","post","type-post","status-publish","format-standard","has-post-thumbnail","hentry","category-nacional","tag-fgr","tag-fiscalia-general-de-la-republica","tag-guardia-nacional","tag-seguridad"],"_links":{"self":[{"href":"https:\/\/www.diarioimagen.net\/index.php?rest_route=\/wp\/v2\/posts\/484516","targetHints":{"allow":["GET"]}}],"collection":[{"href":"https:\/\/www.diarioimagen.net\/index.php?rest_route=\/wp\/v2\/posts"}],"about":[{"href":"https:\/\/www.diarioimagen.net\/index.php?rest_route=\/wp\/v2\/types\/post"}],"author":[{"embeddable":true,"href":"https:\/\/www.diarioimagen.net\/index.php?rest_route=\/wp\/v2\/users\/3"}],"replies":[{"embeddable":true,"href":"https:\/\/www.diarioimagen.net\/index.php?rest_route=%2Fwp%2Fv2%2Fcomments&post=484516"}],"version-history":[{"count":0,"href":"https:\/\/www.diarioimagen.net\/index.php?rest_route=\/wp\/v2\/posts\/484516\/revisions"}],"wp:featuredmedia":[{"embeddable":true,"href":"https:\/\/www.diarioimagen.net\/index.php?rest_route=\/wp\/v2\/media\/484615"}],"wp:attachment":[{"href":"https:\/\/www.diarioimagen.net\/index.php?rest_route=%2Fwp%2Fv2%2Fmedia&parent=484516"}],"wp:term":[{"taxonomy":"category","embeddable":true,"href":"https:\/\/www.diarioimagen.net\/index.php?rest_route=%2Fwp%2Fv2%2Fcategories&post=484516"},{"taxonomy":"post_tag","embeddable":true,"href":"https:\/\/www.diarioimagen.net\/index.php?rest_route=%2Fwp%2Fv2%2Ftags&post=484516"}],"curies":[{"name":"wp","href":"https:\/\/api.w.org\/{rel}","templated":true}]}}