{"id":484586,"date":"2020-10-28T00:12:58","date_gmt":"2020-10-28T06:12:58","guid":{"rendered":"https:\/\/www.diarioimagen.net\/?p=484586"},"modified":"2020-10-28T01:06:36","modified_gmt":"2020-10-28T07:06:36","slug":"que-consultemos-si-permanecemos-o-no-en-el-pacto-federal-va-respondieron-6-de-10-gobernadores-aliancistas-a-amlo","status":"publish","type":"post","link":"https:\/\/www.diarioimagen.net\/?p=484586","title":{"rendered":"\u00bfQu\u00e9 consultemos si permanecemos o no en el Pacto Federal? \u00a1Va!, respondieron 6 de 10 gobernadores aliancistas a AMLO"},"content":{"rendered":"<h2>Tras la puerta del poder<\/h2>\n<h5>Roberto Vizca\u00edno<\/h5>\n<p>&nbsp;<\/p>\n<p><strong>Andr\u00e9s Manuel L\u00f3pez Obrador<\/strong> afirm\u00f3 que no se reunir\u00e1 con los 10 gobernadores de la Alianza Federalista que el lunes exigieron hablar directamente con \u00e9l para redefinir el reparto presupuestal y establecer una nueva relaci\u00f3n con dignidad y sin abusos ni ofensas, \u201cporque no hay materia\u201d, y desech\u00f3 la amenaza de \u00e9stos, de ir a un rompimiento del Pacto Federal.<\/p>\n<p><strong>\u201c\u2026 <\/strong>no hay ninguna posibilidad de que se rompa el pacto federal\u201d, asegur\u00f3.<\/p>\n<p>Durante su ma\u00f1anera de ayer, <strong>L\u00f3pez Obrador<\/strong> consider\u00f3 que los 10 gobernadores andan nerviosos.<\/p>\n<p>\u00bfQu\u00e9 es lo que est\u00e1 sucediendo?, se le pregunt\u00f3.<\/p>\n<p>\u201cPues estamos en temporada de elecciones y entonces se est\u00e1n agrupando en contra nuestra pensando que as\u00ed van a tener votos.<\/p>\n<p>\u201cNosotros consideramos que esto es normal, es leg\u00edtimo, respetamos esas posturas y como le tenemos respeto y confianza al pueblo sabemos que no hay ninguna preocupaci\u00f3n, no hay nada que temer, porque la gente ya no se deja manipular; aun cuando a nuestros adversarios o a la oposici\u00f3n los medios de informaci\u00f3n le den todos los espacios, todo el tiempo, ya la gente est\u00e1 muy consciente\u201d.<\/p>\n<p>\u00bfSe reunir\u00eda con ellos?<\/p>\n<p>\u201cNo\u2026 porque no hay materia. Los est\u00e1 atendiendo el secretario de Hacienda y yo no voy a permitir que utilicen la instituci\u00f3n presidencial, hay que cuidar la investidura\u201d.<\/p>\n<p>\u00bfEs un chantaje?<\/p>\n<p>\u201cEs una actitud propia de la temporada electoral. No s\u00e9 qu\u00e9 est\u00e9n viendo, qu\u00e9 est\u00e9n sintiendo, qu\u00e9 les estar\u00e1 pasando.<\/p>\n<p>\u201cY andan muy nerviosos, pero no s\u00f3lo ellos, sino el<strong> FRENAAA 1, <\/strong>el<strong> FRENAAA 2, <\/strong>los medios, con excepciones, est\u00e1n buscando agruparse en contra de nosotros y est\u00e1n desatados\u201d, precis\u00f3.<\/p>\n<p>Consider\u00f3 que, si creen que pueden irse del Pacto Federal, lo primero que deb\u00edan hacer es preguntarles a los ciudadanos.<\/p>\n<p>\u201c\u2026 est\u00e1n en su derecho, nada m\u00e1s que no hay ninguna posibilidad de que se rompa el pacto federal.<\/p>\n<p>\u201c<strong>Primero<\/strong>, porque -si tienen vocaci\u00f3n democr\u00e1tica- tendr\u00edan que preguntarles a los ciudadanos de los estados que gobiernan. Les recomendar\u00eda que apliquen el mandar obedeciendo.<\/p>\n<p>\u201c<strong>Segundo<\/strong>, porque ser\u00eda una reforma a la Constituci\u00f3n que tendr\u00eda que aprobarse en el Congreso, con todo un proceso que llevar\u00eda a controversias, que le corresponder\u00eda a su vez resolver al Poder Judicial\u201d, coment\u00f3.<\/p>\n<p style=\"text-align: center;\"><strong>Ir\u00e1n a la consulta<\/strong><\/p>\n<p>En una reacci\u00f3n r\u00e1pida, seis de los 10 aliancistas -los gobernadores <strong>Mart\u00edn Orozco Sandoval<\/strong>, de Aguascalientes; <strong>Diego Sinhue Rodr\u00edguez Vallejo, <\/strong>de Guanajuato; <strong>Enrique Alfaro<\/strong>, de Jalisco; <strong>Jaime Rodr\u00edguez<\/strong>, <strong><em>El Bronco<\/em><\/strong>, de Nuevo Le\u00f3n; <strong>Silvano Aureoles<\/strong>, de Michoac\u00e1n y <strong>Francisco Garc\u00eda Cabeza de Vaca<\/strong>, de Tamaulipas-, se\u00f1alaron que, claro que s\u00ed, aceptan el reto de ir a una consulta para preguntarles a sus ciudadanos si quieren permanecer en el abusivo Pacto Federal que les quita m\u00e1s de lo que sus estados aportan.<\/p>\n<p><strong>Alfaro<\/strong>, molesto, dijo:<\/p>\n<p>\u201cEl Presidente dice qu\u00e9 hay que preguntarle a la gente, comparto su opini\u00f3n, vamos a iniciar ya este proceso de consulta y le vamos a preguntar a los ciudadanos de Jalisco si estamos dispuestos a mantener una relaci\u00f3n abusiva en la cual Jalisco aporta much\u00edsimo a la Federaci\u00f3n y lo que recibe son maltratos, groser\u00edas y desdenes como los que vimos el d\u00eda de hoy\u201d.<\/p>\n<p>Se sorprendi\u00f3 al conocer que <strong>AMLO<\/strong> dice que no se reunir\u00e1 con los aliancistas porque puede lastimar la investidura presidencial.<\/p>\n<p>\u201cYo creo que reunirse con los gobernadores no le quita nada, no le hace menos Presidente, me parece que negarse al di\u00e1logo republicano ese s\u00ed lastima la figura presidencial, esa es mi respuesta\u201d.<\/p>\n<p><strong>Mart\u00edn Orozco<\/strong>, de Aguascalientes, lanz\u00f3 una consulta de inmediato v\u00eda redes sociales:<\/p>\n<p>\u00bfEst\u00e1n de acuerdo en que el gobierno federal regrese a la gente los recursos para salud, cultura, deporte, ciencia, seguridad, derechos humanos, entre otros?\u201d.<\/p>\n<p>Y subray\u00f3 que lo \u00fanico cierto hasta hoy es que para <strong>L\u00f3pez Obrador<\/strong> \u201cno existimos los gobernadores, ni los 2 mil 485 alcaldes, ni el Consejo Coordinador Empresarial, ni los investigadores. No, para \u00e9l no existe nada, solamente existe la voz de uno solo, una sola visi\u00f3n, la suya\u201d.<\/p>\n<p>\u201cEn su respuesta de hoy est\u00e1 el sello de su sexenio: no escuchar absolutamente a nadie, no hacer equipo por este pa\u00eds que hoy requiere unidad, que requiere le demos sentido, rumbo a la econom\u00eda, a la educaci\u00f3n, a la salud, a la seguridad\u201d.<\/p>\n<p><strong>Silvano Aureoles<\/strong>, de Michoac\u00e1n, dijo:<\/p>\n<p>\u201cNos vamos a poner de acuerdo los gobernadores de la #AlianzaFederalista para iniciar el procedimiento y darle solidez jur\u00eddica a la consulta ante las medidas centralistas\u2026 \u00a1Claro que s\u00ed, vamos a esa consulta!\u201d.<\/p>\n<p><strong>Jaime Rodr\u00edguez Calder\u00f3n<\/strong>, de Nuevo Le\u00f3n, al igual que <strong>Orozco Sandoval<\/strong>, realiz\u00f3 una consulta en su cuenta de Twitter para preguntarles a los neoloneses si quieren o no continuar aport\u00e1ndole lo que le dan a la Federaci\u00f3n.<\/p>\n<p><strong>Francisco Garc\u00eda Cabeza de Vaca<\/strong>, de Tamaulipas, igual le tom\u00f3 la palabra a <strong>L\u00f3pez Obrador<\/strong>, y dijo que s\u00ed a la consulta de quedarse o irse del Pacto Federal.<\/p>\n<p>\u201cVamos a hacer un sondeo muy amplio en los diferentes sectores productivos, para valorar cu\u00e1l va a ser el futuro de la relaci\u00f3n, con un gobierno central que no ha querido entender que quien forma esta Rep\u00fablica son los estados\u201d, indic\u00f3.<\/p>\n<p><strong>Diego Sinhue Rodr\u00edguez Vallejo<\/strong> tambi\u00e9n se uni\u00f3 a las consultas por Twitter, donde pregunt\u00f3 a los guanajuatenses sobre las declaraciones de <strong>L\u00f3pez Obrador.<\/strong><\/p>\n<p>\u00ab\u00bfQuieren las y los guanajuatenses que el gobierno federal regrese los recursos para los tratamientos de c\u00e1ncer, becas para estudiantes, el apoyo para la ciencia, cultura, deporte, seguridad e infraestructura que les corresponden?\u00bb.<\/p>\n<p style=\"text-align: center;\"><strong>Separarse del Pacto Federal, de dimensiones impensables<\/strong><\/p>\n<p>Doctor en Derecho Constitucional, <strong>Ricardo Monreal<\/strong>, l\u00edder del Senado, dimensiona el pronunciamiento de los 10 gobernadores aliancistas de plantear romper el Pacto Federal, como un hecho de dimensiones impensadas.<\/p>\n<p>\u201c\u2026 quiz\u00e1 muchos no sepan la dimensi\u00f3n de lo que est\u00e1n diciendo\u201d, subray\u00f3.<\/p>\n<p>Y explic\u00f3:<\/p>\n<p>\u201cEl separarse del Pacto Federal es verdaderamente un acto hist\u00f3ricamente impresionante\u2026 no es simplemente un discurso, una pose\u2026 quiz\u00e1 muchos no sepan la dimensi\u00f3n de lo que est\u00e1n diciendo.<\/p>\n<p>\u201cEl Acta Constitutiva de la Federaci\u00f3n de 1824 no ha tenido alteraci\u00f3n en 200 a\u00f1os, y para que tenga alteraci\u00f3n tiene que haber no s\u00f3lo decisiones del Congreso Constituyente -entre eso nosotros, los senadores, que representamos el Pacto Federal-, y que me parece que la expresi\u00f3n, ruptura y abandonar el Pacto Federal no se est\u00e1 dimensionando.<\/p>\n<p>\u201cNosotros respetamos las posiciones pol\u00edticas de este grupo de 10 gobernadores. Pero yo aconsejar\u00eda mayor di\u00e1logo y que no se profundice el camino de la confrontaci\u00f3n, que siempre te conduce a caminos y a callejones sin retorno.<\/p>\n<p>\u201cEl Presidente no se va a dejar presionar, lo conozco como compa\u00f1ero del movimiento y es un hombre honrado, honesto y de ideas firmes. Por eso creo que est\u00e1n equivocando la estrategia\u2026 pero es una decisi\u00f3n de ellos\u2026 es su derecho, es parte de la normalidad democr\u00e1tica, que disientan.<\/p>\n<p>\u201cComo coordinador de la mayor\u00eda, los invito a reflexionar, porque separarse del Pacto Federal no es una cosa de discurso ni ret\u00f3rica, es verdaderamente una decisi\u00f3n fundamental que tiene que ver con el Congreso de la Uni\u00f3n y con los \u00f3rganos jurisdiccionales.<\/p>\n<p>\u201cEntiendo que es una pose, justificada o no, para lograr m\u00e1s recursos en el presupuesto con motivo de la discusi\u00f3n, pero hoy frente al Ejecutivo federal hay un Presidente de la Rep\u00fablica con legitimidad democr\u00e1tica y que no admite, hasta ahora lo he visto, ni presiones ni chantajes\u201d, concluy\u00f3.<\/p>\n<p>\u201cEl que quiera m\u00e1s recursos, es l\u00f3gico, es normal, pero nosotros, la mayor\u00eda, los invitar\u00edamos a que hagan actos de sobriedad, medidas de austeridad, recortes a gastos superfluos y limitarse a lo que el presupuesto se\u00f1ala\u201d.<\/p>\n<p>Hasta aqu\u00ed nuestra relator\u00eda de quiz\u00e1 uno de los momentos m\u00e1s riesgosos para M\u00e9xico. Si esto prende a nivel popular, de ciudadanos, en los 10 estados de los aliancistas, pasar\u00e1n muchas d\u00e9cadas para apagar ese fuego. Ah\u00ed se tienen los casos de Catalu\u00f1a y el Pa\u00eds Vasco, en Espa\u00f1a. Hablar de separatismo, son palabras mayores. Como advierte <strong>Monreal<\/strong>: de dimensiones hist\u00f3ricas que pocos entienden.<\/p>\n<p><em><a href=\"mailto:rvizcainoa@gmail.com\" target=\"_blank\" rel=\"noopener noreferrer\">rvizcainoa@gmail.com<\/a><br \/>\n<u><a href=\"http:\/\/endirecto.mx\" target=\"_blank\" rel=\"noopener noreferrer\">www.endirecto.mx<\/a><br \/>\n<a href=\"https:\/\/twitter.com\/_rvizcaino\" target=\"_blank\" rel=\"noopener noreferrer\">@_RVizcaino<\/a><br \/>\n<a href=\"https:\/\/www.facebook.com\/rvizcainoa\" target=\"_blank\" rel=\"noopener noreferrer\">facebook.com\/rvizcainoa<\/a><\/u><\/em><\/p>\n","protected":false},"excerpt":{"rendered":"<p><span style=\"color: #005497;\"><strong>Roberto Vizca\u00edno<\/strong><\/span><br \/>\n<br \/>\n<strong>Andr\u00e9s Manuel L\u00f3pez Obrador<\/strong> afirm\u00f3 que no se reunir\u00e1 con los 10 gobernadores de la Alianza Federalista que el lunes exigieron hablar directamente con \u00e9l para redefinir el reparto presupuestal y establecer una nueva relaci\u00f3n con dignidad y sin abusos ni ofensas, \u201cporque no hay materia\u201d, y desech\u00f3 la amenaza de \u00e9stos, de ir a un rompimiento del Pacto Federal.<\/p>\n","protected":false},"author":3,"featured_media":0,"comment_status":"open","ping_status":"open","sticky":false,"template":"","format":"standard","meta":{"_monsterinsights_skip_tracking":false,"_monsterinsights_sitenote_active":false,"_monsterinsights_sitenote_note":"","_monsterinsights_sitenote_category":0,"footnotes":""},"categories":[136],"tags":[43674,93,94],"class_list":["post-484586","post","type-post","status-publish","format-standard","hentry","category-roberto-vizcaino-opinion","tag-opinion","tag-roberto-vizcaino","tag-tras-la-puerta-del-poder"],"_links":{"self":[{"href":"https:\/\/www.diarioimagen.net\/index.php?rest_route=\/wp\/v2\/posts\/484586","targetHints":{"allow":["GET"]}}],"collection":[{"href":"https:\/\/www.diarioimagen.net\/index.php?rest_route=\/wp\/v2\/posts"}],"about":[{"href":"https:\/\/www.diarioimagen.net\/index.php?rest_route=\/wp\/v2\/types\/post"}],"author":[{"embeddable":true,"href":"https:\/\/www.diarioimagen.net\/index.php?rest_route=\/wp\/v2\/users\/3"}],"replies":[{"embeddable":true,"href":"https:\/\/www.diarioimagen.net\/index.php?rest_route=%2Fwp%2Fv2%2Fcomments&post=484586"}],"version-history":[{"count":0,"href":"https:\/\/www.diarioimagen.net\/index.php?rest_route=\/wp\/v2\/posts\/484586\/revisions"}],"wp:attachment":[{"href":"https:\/\/www.diarioimagen.net\/index.php?rest_route=%2Fwp%2Fv2%2Fmedia&parent=484586"}],"wp:term":[{"taxonomy":"category","embeddable":true,"href":"https:\/\/www.diarioimagen.net\/index.php?rest_route=%2Fwp%2Fv2%2Fcategories&post=484586"},{"taxonomy":"post_tag","embeddable":true,"href":"https:\/\/www.diarioimagen.net\/index.php?rest_route=%2Fwp%2Fv2%2Ftags&post=484586"}],"curies":[{"name":"wp","href":"https:\/\/api.w.org\/{rel}","templated":true}]}}