{"id":484636,"date":"2020-10-29T00:02:29","date_gmt":"2020-10-29T06:02:29","guid":{"rendered":"https:\/\/www.diarioimagen.net\/?p=484636"},"modified":"2020-10-29T00:51:37","modified_gmt":"2020-10-29T06:51:37","slug":"paseo-de-los-muertitos-tradicion-desde-1875-en-tultepec-sera-virtual-por-covid","status":"publish","type":"post","link":"https:\/\/www.diarioimagen.net\/?p=484636","title":{"rendered":"Paseo de los Muertitos, tradici\u00f3n desde 1875 en Tultepec, ser\u00e1 virtual por Covid\u00a0"},"content":{"rendered":"<p>&nbsp;<\/p>\n<ul>\n<li><em><b>Lo realizar\u00e1n \u00fanicamente familiares que le dieron origen<\/b><\/em><\/li>\n<\/ul>\n<p>&nbsp;<\/p>\n<div id=\"attachment_484637\" style=\"width: 470px\" class=\"wp-caption aligncenter\"><img loading=\"lazy\" decoding=\"async\" aria-describedby=\"caption-attachment-484637\" class=\"size-full wp-image-484637\" src=\"https:\/\/www.diarioimagen.net\/wp-content\/uploads\/2020\/10\/CAMACHO-29-cPOR.jpg\" alt=\"\" width=\"460\" height=\"270\" \/><p id=\"caption-attachment-484637\" class=\"wp-caption-text\">Se prepara el tradicional\u00a0Paseo de los Muertitos, tambi\u00e9n conocido como\u00a0Procesi\u00f3n\u00a0de Los Farolitos,\u00a0que en esta ocasi\u00f3n ser\u00e1 virtual.<\/p><\/div>\n<p>&nbsp;<\/p>\n<p><strong>Tultepec, Estado de M\u00e9xico<\/strong>.- En el marco de la celebraci\u00f3n del\u00a0D\u00eda de Muertos\u00a0y como parte importante del\u00a011\u00ba Festival Calaveras y Muertitos,\u00a0como cada a\u00f1o desde 1875, se prepara el tradicional\u00a0Paseo de Los Muertitos, tambi\u00e9n conocido como\u00a0Procesi\u00f3n de Los Farolitos,\u00a0que en esta ocasi\u00f3n debido a la pandemia que vivimos ser\u00e1 virtual.<\/p>\n<p>El alcalde Marco Antonio Cruz Cruz explic\u00f3 que \u201cdebido a la alta ola de contagios por Covid-19, y a que a\u00fan nos encontramos en la etapa naranja del sem\u00e1foro epidemiol\u00f3gico, para que no se interrumpa y no pase desapercibida esta genuina tradici\u00f3n tultepequense, en esta ocasi\u00f3n la celebraci\u00f3n ser\u00e1 virtual, pero se podr\u00e1 seguir en vivo a trav\u00e9s redes sociales del ayuntamiento\u201d.\u00a0<span class=\"Apple-converted-space\">\u00a0<\/span><\/p>\n<p>Dijo que la tradici\u00f3n surgi\u00f3 por la creencia popular de guiar con una candela encendida en un farol las almas de los ni\u00f1os que han muerto y no recuerdan el camino a casa de sus familiares, los cuales vienen a visitar cada a\u00f1o el 31 de octubre.<\/p>\n<p>El alcalde inform\u00f3 que en esta ocasi\u00f3n el recorrido que tradicionalmente se realiza por calles del primer cuadro, lo realizar\u00e1n \u00fanicamente familiares que dieron origen a esta tradici\u00f3n a bordo de un carro aleg\u00f3rico con piezas de cartoner\u00eda alusivas al D\u00eda de Muertos y acompa\u00f1ados por una banda de m\u00fasica de viento.<\/p>\n<p>De acuerdo con informaci\u00f3n de familiares de quienes iniciaron esta tradici\u00f3n en 1875, el\u00a0Paseo de Los Muertitos, tuvo su origen gracias a Do\u00f1a Juanita Solano, catequista del templo, quien hizo la invitaci\u00f3n a los ni\u00f1os del pueblo para que junto con sus familiares realizaran la procesi\u00f3n el \u00faltimo d\u00eda de octubre.<\/p>\n<p>\u201cLa sugerencia fue que por cada familia que tuviera un infante fallecido, un angelito portara un farol hecho con vara de garambullo, colorido papel de china y una vela encendida al centro. Esto dio pie a la destreza y creatividad de los tultepequenses para crear prismas, cruces, calaveritas, estrellas y f\u00e9retros, entre otras figuras\u201d.<\/p>\n<p>De acuerdo con la descripci\u00f3n, en sus inicios era costumbre que los vecinos iluminaran las calles por donde pasaba el recorrido, esparciendo frente a las casas p\u00e9talos de cempax\u00fachitl, adem\u00e1s de aromatizar con sahumerio.<\/p>\n<p>Desde hace varias d\u00e9cadas, el tradicional\u00a0Paseo de Los Muertitos\u00a0o\u00a0Procesi\u00f3n de Los Farolitos, se inicia a las seis de la tarde frente a la casa de la familia Urb\u00e1n Velasco, quienes son los continuadores de la tradici\u00f3n, en la esquina suroeste de la Plaza Hidalgo, justo atr\u00e1s de la Concha Ac\u00fastica de la cabecera municipal.<\/p>\n<p>Por ello el gobierno municipal pide a las familias no acudir para evitar la concentraci\u00f3n de personas y con ello la propagaci\u00f3n del COVID-19. Sin embargo, a todos aquellos que desean participar y viven en las calles por donde se realiza el recorrido, pueden salir a la puerta de su casa con su farolito en mano y continuar as\u00ed la tradici\u00f3n, y al resto de la poblaci\u00f3n a seguir la transmisi\u00f3n en la p\u00e1gina oficial Facebook.com\/Ayuntamiento.tultepec a partir de las 18:00 horas, el pr\u00f3ximo s\u00e1bado 31 de octubre.<\/p>\n","protected":false},"excerpt":{"rendered":"<p>En el marco de la celebraci\u00f3n del\u00a0D\u00eda de Muertos\u00a0y como parte importante del\u00a011\u00ba Festival Calaveras y Muertitos,\u00a0como cada a\u00f1o desde 1875, se prepara el tradicional\u00a0Paseo de Los Muertitos, tambi\u00e9n conocido como\u00a0Procesi\u00f3n de Los Farolitos,\u00a0que en esta ocasi\u00f3n debido a la pandemia que vivimos ser\u00e1 virtual.\u00a0<\/p>\n","protected":false},"author":1,"featured_media":484637,"comment_status":"open","ping_status":"open","sticky":false,"template":"","format":"standard","meta":{"_monsterinsights_skip_tracking":false,"_monsterinsights_sitenote_active":false,"_monsterinsights_sitenote_note":"","_monsterinsights_sitenote_category":0,"footnotes":""},"categories":[5],"tags":[43675,79619,3802],"class_list":["post-484636","post","type-post","status-publish","format-standard","has-post-thumbnail","hentry","category-estado-de-mexico","tag-estado-de-mexico","tag-paseo-de-los-muertitos","tag-tultepec"],"_links":{"self":[{"href":"https:\/\/www.diarioimagen.net\/index.php?rest_route=\/wp\/v2\/posts\/484636","targetHints":{"allow":["GET"]}}],"collection":[{"href":"https:\/\/www.diarioimagen.net\/index.php?rest_route=\/wp\/v2\/posts"}],"about":[{"href":"https:\/\/www.diarioimagen.net\/index.php?rest_route=\/wp\/v2\/types\/post"}],"author":[{"embeddable":true,"href":"https:\/\/www.diarioimagen.net\/index.php?rest_route=\/wp\/v2\/users\/1"}],"replies":[{"embeddable":true,"href":"https:\/\/www.diarioimagen.net\/index.php?rest_route=%2Fwp%2Fv2%2Fcomments&post=484636"}],"version-history":[{"count":0,"href":"https:\/\/www.diarioimagen.net\/index.php?rest_route=\/wp\/v2\/posts\/484636\/revisions"}],"wp:featuredmedia":[{"embeddable":true,"href":"https:\/\/www.diarioimagen.net\/index.php?rest_route=\/wp\/v2\/media\/484637"}],"wp:attachment":[{"href":"https:\/\/www.diarioimagen.net\/index.php?rest_route=%2Fwp%2Fv2%2Fmedia&parent=484636"}],"wp:term":[{"taxonomy":"category","embeddable":true,"href":"https:\/\/www.diarioimagen.net\/index.php?rest_route=%2Fwp%2Fv2%2Fcategories&post=484636"},{"taxonomy":"post_tag","embeddable":true,"href":"https:\/\/www.diarioimagen.net\/index.php?rest_route=%2Fwp%2Fv2%2Ftags&post=484636"}],"curies":[{"name":"wp","href":"https:\/\/api.w.org\/{rel}","templated":true}]}}