{"id":484722,"date":"2020-10-29T00:02:42","date_gmt":"2020-10-29T06:02:42","guid":{"rendered":"https:\/\/www.diarioimagen.net\/?p=484722"},"modified":"2020-10-30T01:21:37","modified_gmt":"2020-10-30T07:21:37","slug":"ocupacion-hotelera-avanza-mas-rapido-de-lo-esperado","status":"publish","type":"post","link":"https:\/\/www.diarioimagen.net\/?p=484722","title":{"rendered":"Mario Delgado oir\u00e1 \u201cLas Golondrinas\u201d"},"content":{"rendered":"<h2>La Retaguardia<\/h2>\n<h5>Adriana Moreno Cordero<\/h5>\n<p>&nbsp;<\/p>\n<ul>\n<li><strong><em>Ram\u00edrez Cu\u00e9llar, triste y alica\u00eddo; Tatiana Clouthier, m\u00e1s que lista<\/em><\/strong><\/li>\n<\/ul>\n<p><em>\u00a0<\/em><\/p>\n<p>En la C\u00e1mara de Diputados, la mayor\u00eda que conforma Morena, cumpli\u00f3 muy bien con la encomienda dada por el presidente <strong>Andr\u00e9s Manuel L\u00f3pez Obrador<\/strong> y ayer, junto con sus r\u00e9moras, PES y el PT, por 242 votos a favor, 7 en contra y 5 abstenciones, reformaron la Ley General de Salud, con lo que le dan m\u00e1s dinero al Presidente, a manos llegas, y pr\u00e1cticamente desaparece el Fondo de Gastos Catastr\u00f3ficos.<\/p>\n<p>No dej\u00f3 de llamar la atenci\u00f3n que los diputados del Partido del Trabajo, que en San L\u00e1zaro coordina <strong>Reginaldo Sandoval<\/strong>, en este tema s\u00ed se sumaron a Morena, cuando en el de los fideicomisos, hab\u00edan tenido un papel m\u00e1s o menos coherente y se manifestaron p\u00fablicamente en contra de la desaparici\u00f3n de \u00e9stos. Pero bueno, \u00bfcon qu\u00e9 los habr\u00e1 amenazado la aplanadora morenista?<\/p>\n<p>Ayer, muy triste y alica\u00eddo, por cierto, regres\u00f3 a su esca\u00f1o ni m\u00e1s ni menos que quien fuera dirigente interino del partido oficial, <strong>Alfonso Ram\u00edrez Cu\u00e9llar<\/strong>, que fue vencido cuando sus enemigos como <strong>Yeidckol Polevnsky<\/strong> decidi\u00f3 apoyar a <strong>Mario Mart\u00edn Delgado<\/strong> y despotricar en contra del ex l\u00edder de El Barz\u00f3n, que ya no pudo quedarse en esa responsabilidad, entre otras razones por el triunfo del PRI en las elecciones de Coahuila e Hidalgo y que durante su permanencia en San L\u00e1zaro, no pudo disimular su malestar.<\/p>\n<p>Por cierto, el todav\u00eda coordinador de la bancada morenista en la c\u00e1mara baja, estaba muy contento con esta arbitraria aprobaci\u00f3n porque sinti\u00f3 que ya cumpli\u00f3 con su labor ante el Presidente y por ello, ya se puede ir muy tranquilo a dirigir a su partido, al fin y al cabo ya hasta el INE valid\u00f3 su triunfo y el diputado Delgado Carrillo lleva como mancuerna ni m\u00e1s ni menos que a la senadora con licencia, <strong>Citlali Hern\u00e1ndez<\/strong>, quiz\u00e1s, el mayor negrito en ese arroz y que por cierto, no fue sancionada como corresponde por andar haciendo proselitismo a favor de su partido en los pasados comicios de Hidalgo y Coahuila.<\/p>\n<p>El diputado Delgado en breve, escuchar\u00e1 \u201cLas Golondrinas\u201d en San L\u00e1zaro y su compa\u00f1era de curul, <strong>Tatiana Clouthier,<\/strong> est\u00e1 m\u00e1s que lista para asumir la coordinaci\u00f3n de la bancada del partido oficial en la c\u00e1mara baja.<\/p>\n<p style=\"text-align: center;\"><strong>Municiones<\/strong><\/p>\n<p>*** Aunque el sodio es un nutriente necesario para el correcto funcionamiento del organismo, se ha documentado que la presencia excesiva de este en la dieta, se relaciona con enfermedades como la hipertensi\u00f3n y un riesgo incrementado de padecimientos cardiovasculares. A pesar de ello, en M\u00e9xico no se cumplen con las recomendaciones de la Organizaci\u00f3n Mundial de la Salud (OMS) en cuanto a su ingesta, lo que ha derivado en un problema de salud p\u00fablica. \u00a0De acuerdo con estudios consultados por el Laboratorio de Datos contra la Obesidad (LabDO), el 90% de la poblaci\u00f3n ingiere este nutriente de manera excesiva, con un consumo promedio de 3.49 gramos al d\u00eda, es decir, mucho m\u00e1s que los 2 gramos diarios que la OMS establece como tope en sus recomendaciones. \u00a0A\u00fan cuando en el imaginario colectivo la sal de mesa se identifica como la principal responsable, \u00e9sta s\u00f3lo representa alrededor del 10% de la ingesta de sodio, siendo los alimentos ultraprocesados el verdadero problema al significar el 77% de la sal que se consume. Y es que el sodio es agregado a la mayor\u00eda de los alimentos ultraprocesados, ya sea como conservador o como saborizante. De acuerdo a la Organizaci\u00f3n Panamericana de la Salud, el 99% de los productos industrializados lo incluyen y el 63% de ellos lo hacen en exceso.<\/p>\n<p>*** Justo el d\u00eda que la c\u00e1mara alta le rindi\u00f3 un sentido homenaje p\u00f3stumo al senador suplente <strong>Joel Molina<\/strong>, el presidente de la Junta de Coordinaci\u00f3n Pol\u00edtica de esa instancia legislativa, <strong>Ricardo Monreal<\/strong>, sostuvo una reuni\u00f3n con <strong>Jos\u00e9 Antonio \u00c1lvarez Lima<\/strong>, quien al parecer, tomar\u00e1 a la direcci\u00f3n de Canal Once, para reincoprorarse a su esca\u00f1o en el Senado. Pero eso no ser\u00e1 luego, luego pues el exgobernador de Tlaxcala tiene hasta el 20 de noviembre para \u201cdeshojar la margarita\u201d, pero mientras, los senadores s\u00f3lo son 127 y aunque la aplanadora es sin duda Morena, un voto, es un voto. Seg\u00fan se sabe, \u00c1lvarez Lima se resiste a dejar Canal Once, al que ha convertido en el canal del Presidente y en ese caso, que no quiera regresar a su esca\u00f1o, entonces, la c\u00e1mara alta tendr\u00e1 que declarar la vacante y convocar, en un plazo de 30 d\u00edas, a unas elecciones para elegir a un nuevo senador y, \u00bfesto \u00faltimo le convendr\u00e1 a los morenistas?<\/p>\n<p>*** Al evaluar c\u00f3mo le fue durante su comparecencia en la C\u00e1mara de Diputados, la flamante secretaria de la Funci\u00f3n P\u00fablica, <strong>Irma Er\u00e9ndira Sandoval<\/strong>, no par\u00f3 de \u201cadornarse\u201d, diciendo que le hab\u00eda ido muy bien y las acciones de la oposici\u00f3n, son simplemente, \u201cpasajes de la democracia\u201d. Y as\u00ed como en su momento se dedic\u00f3 a tapar al director de la Comisi\u00f3n Federal de Electricidad, Manuel Bartlett D\u00edaz, insisti\u00f3 mucho en que se hab\u00eda sancionado a su hijo, <strong>Le\u00f3n Manuel Bartlett<\/strong>. \u00bfSer\u00e1 porque una cosa desquita a la otra? Y cuando en la entrevista le tocaron el tema de las aspiraciones de su hermano, <strong>Pablo Am\u00edlcar Sandoval<\/strong> para convertirse en el candidato de Morena al gobierno de Guerrero, la flamante funcionaria opt\u00f3 por medio \u201cdarle la vuelta\u201d y dijo que en tiempo y forma, conforme a lo dispuesto por el Presidente, su hermanito hab\u00eda renunciado como superdelegado para irse en pos de sus aspiraci\u00f3n. \u00bfY sobre el patrimonio que tiene el feliz matrimonio Ackerman-Sandoval, pues ah\u00ed s\u00ed, ni una menci\u00f3n de parte de la funcionaria, no vaya a ser.<\/p>\n<p>*** Lo que se esperaba, ayer, en la celebraci\u00f3n del d\u00eda de San Judas Tadeo, sin sana distancia, en muchos casos, sin cubrebocas, los fieles a este santo llegaron hasta las inmediaciones de la Iglesia de San Hip\u00f3lito, as\u00ed que de nada vali\u00f3 la convocatoria del gobierno de la Ciudad de M\u00e9xico que encabeza <strong>Claudia Sheinbaum<\/strong>, para celebrar v\u00eda virtual. As\u00ed las cosas, \u00bfqu\u00e9 puede esperarse que suceda durante los d\u00edas de Muertos, el 1 y 2 de noviembre, y ni qu\u00e9 decir del ya pr\u00f3ximo 12 de diciembre, la m\u00e1xima celebraci\u00f3n, la de la Virgen de Guadalupe. El rector de la Bas\u00edlica, <strong>Salvador Mart\u00ednez Avila<\/strong>, ha venido haciendo llamados para evitar ir la noche del 11 de diciembre a las tradicionales Ma\u00f1anitas a la Virgen, pero por lo visto, la feligres\u00eda no le har\u00e1 el menor caso.<\/p>\n<p>*** La secretaria de Gobernaci\u00f3n, <strong>Olga S\u00e1nchez Cordero<\/strong>, declar\u00f3 que en M\u00e9xico, no habr\u00e1 medidas como el toque de queda, o multas que se han impuesto por ejemplo en Francia, ante el rebrote de coronavirus, sino que se van a instrumentar las medidas para seguir protegiendo a la poblaci\u00f3n. \u00bfLa llamada Cuarta Transformaci\u00f3n protege\u00a0 la poblaci\u00f3n en la pandemia de Covid-19?, \u00a1qu\u00e9 buen chiste! La pregunta es tambi\u00e9n si ya se le habr\u00e1 olvidado a la responsable de la pol\u00edtica interna, que luego por qu\u00e9 la rega\u00f1an en Palacio Nacional, porque habla y luego piensa.<\/p>\n<p><u><a href=\"mailto:morcora@gmail.com\" target=\"_blank\" rel=\"noopener noreferrer\"><em>morcora@gmail.com<\/em><\/a><\/u><\/p>\n","protected":false},"excerpt":{"rendered":"<p><span style=\"color: #005497;\"><strong>Adriana Moreno Cordero<\/strong><\/span><\/p>\n","protected":false},"author":3,"featured_media":0,"comment_status":"open","ping_status":"open","sticky":false,"template":"","format":"standard","meta":{"_monsterinsights_skip_tracking":false,"_monsterinsights_sitenote_active":false,"_monsterinsights_sitenote_note":"","_monsterinsights_sitenote_category":0,"footnotes":""},"categories":[69370],"tags":[69369,69368,43674],"class_list":["post-484722","post","type-post","status-publish","format-standard","hentry","category-adriana-moreno-cordero","tag-adriana-moreno-cordero","tag-la-retaguardia","tag-opinion"],"_links":{"self":[{"href":"https:\/\/www.diarioimagen.net\/index.php?rest_route=\/wp\/v2\/posts\/484722","targetHints":{"allow":["GET"]}}],"collection":[{"href":"https:\/\/www.diarioimagen.net\/index.php?rest_route=\/wp\/v2\/posts"}],"about":[{"href":"https:\/\/www.diarioimagen.net\/index.php?rest_route=\/wp\/v2\/types\/post"}],"author":[{"embeddable":true,"href":"https:\/\/www.diarioimagen.net\/index.php?rest_route=\/wp\/v2\/users\/3"}],"replies":[{"embeddable":true,"href":"https:\/\/www.diarioimagen.net\/index.php?rest_route=%2Fwp%2Fv2%2Fcomments&post=484722"}],"version-history":[{"count":0,"href":"https:\/\/www.diarioimagen.net\/index.php?rest_route=\/wp\/v2\/posts\/484722\/revisions"}],"wp:attachment":[{"href":"https:\/\/www.diarioimagen.net\/index.php?rest_route=%2Fwp%2Fv2%2Fmedia&parent=484722"}],"wp:term":[{"taxonomy":"category","embeddable":true,"href":"https:\/\/www.diarioimagen.net\/index.php?rest_route=%2Fwp%2Fv2%2Fcategories&post=484722"},{"taxonomy":"post_tag","embeddable":true,"href":"https:\/\/www.diarioimagen.net\/index.php?rest_route=%2Fwp%2Fv2%2Ftags&post=484722"}],"curies":[{"name":"wp","href":"https:\/\/api.w.org\/{rel}","templated":true}]}}