{"id":484797,"date":"2020-10-30T00:07:10","date_gmt":"2020-10-30T06:07:10","guid":{"rendered":"https:\/\/www.diarioimagen.net\/?p=484797"},"modified":"2020-10-30T00:14:50","modified_gmt":"2020-10-30T06:14:50","slug":"mon-laferte-recibe-premios-y-celebra-cada-dia-ser-feminista","status":"publish","type":"post","link":"https:\/\/www.diarioimagen.net\/?p=484797","title":{"rendered":"Mon Laferte recibe premios y celebra cada d\u00eda ser feminista"},"content":{"rendered":"<p>&nbsp;<\/p>\n<ul>\n<li><strong><em>El pr\u00f3ximo 5 de noviembre la podremos ver<span class=\"Apple-converted-space\">\u00a0<\/span>a trav\u00e9s de un concierto virtual por Streamtime<\/em><\/strong><\/li>\n<li><strong><em>\u00a0Despu\u00e9s de hacer dueto con Alejandro Fern\u00e1ndez (se<span class=\"Apple-converted-space\">\u00a0<\/span>posiciona en el n\u00famero 1 de las listas de radio en M\u00e9xico)y Raphael, a la cantaturoa chilena le gustar\u00eda cantar con<span class=\"Apple-converted-space\">\u00a0<\/span><\/em><\/strong><strong><em>Paquita la del Barrio, a quien dice admirar<\/em><\/strong><\/li>\n<\/ul>\n<p>&nbsp;<\/p>\n<div id=\"attachment_484798\" style=\"width: 470px\" class=\"wp-caption aligncenter\"><img loading=\"lazy\" decoding=\"async\" aria-describedby=\"caption-attachment-484798\" class=\"size-full wp-image-484798\" src=\"https:\/\/www.diarioimagen.net\/wp-content\/uploads\/2020\/10\/mon-lafertePOR.jpg\" alt=\"\" width=\"460\" height=\"270\" \/><p id=\"caption-attachment-484798\" class=\"wp-caption-text\">Mon Laferte recibi\u00f3 por parte de su sello discogr\u00e1fico, Universal Music, 10 Discos Platino + 3 Discos Oro<\/p><\/div>\n<p>&nbsp;<\/p>\n<p>Con 13 a\u00f1os viviendo en M\u00e9xico, la cantautora chilena Mon Laferte asegura que est\u00e1 muy emocionada de todo lo que ha conseguido en este tiempo y afirma que el feminismo no es cosa de un d\u00eda o por obtener miradas en una entrega de premios, m\u00e1s bien esto es un trabajo arduo de d\u00eda a d\u00eda lo cual ha hecho que tenga claro que est\u00e1 orgullosa de ser feminista\u00a0dijo, Mon Laferte, quien agreg\u00f3 que despu\u00e9s del dueto con Alejandro Fern\u00e1ndez ten\u00eda ganas de grabar con Paquita la del Barrio, ya que la considera una mujer aguerrida que tiene mucho por decir. <span class=\"Apple-converted-space\">\u00a0<\/span><\/p>\n<p>\u201cYo no escribo m\u00fasica pensando en las pistas, yo echo un vomito, echar a fuera todo lo que tra\u00eda, es un exorcismo, llevaba dos a\u00f1os escribiendo notas y ten\u00eda todos estos pensamientos y sentimientos y poemas de dos a\u00f1os en una libreta y entonces en la pandemia con much\u00edsimo tiempo libre me sentaba con mi vinito mi mezcalito, pudo ser muy tortuoso y mirar atr\u00e1s cada d\u00eda, hay cansancio, hay roturas amorosas, fue escarbarle a los dos \u00faltimos a\u00f1os de mi vida\u201d, dijo.<span class=\"Apple-converted-space\">\u00a0<\/span><\/p>\n<p>Agreg\u00f3 que el a\u00f1o pasado cuando fueron los Latin Grammy, ella se encontraba dentro del estallido social en Chile, \u201clo que hice fue un poco desesperado, usando las herramientas que ten\u00eda e hice mi denuncia de violaci\u00f3n a los derechos humanos, soy mujer y soy feminista, este a\u00f1o hay un mont\u00f3n de cosas, m\u00e1s bien no necesariamente se tiene que tener una alfombra para aportar un granito de arena y no todas necesariamente tienen que tener tanta difusi\u00f3n, vale la pena. Existe por ejemplo \u2018Canci\u00f3n sin miedo\u2019, me gustar\u00eda que no existiera, pero son temas que existen\u201d, dijo tras hablar de aquella ocasi\u00f3n que se manifest\u00f3 en la entrega de premios.<span class=\"Apple-converted-space\">\u00a0<\/span><\/p>\n<p>Adem\u00e1s revel\u00f3 que ser\u00e1 el tema \u201cFrente a Frente\u201d con Raphael, que entregar\u00e1 pr\u00f3ximamente para su p\u00fablico. \u201cDebo confesar que soy una fan empedernida y amo con locura a Raphael, siempre antes de un concierto pongo a Freddie Mercury, Juan Gabriel, Rafael, Janis Joplin me parece incre\u00edble y un d\u00eda recib\u00ed un WhatsApp muy raro, me dec\u00eda \u2018hola querida Mon soy Raphael\u2019 y de verdad pens\u00e9 que era una broma, pero no lo era. Me encantar\u00eda cantar con Paquita la del Barrio creo que no se le ha dado el reconocimiento que se debe\u201d, dijo.<\/p>\n<p>Finalmente, Mon coment\u00ed que recientemente la visit\u00f3 Kanny Garc\u00eda y \u201cnos pusimos a hablar de nuestras madres e hicimos esta canci\u00f3n, habla de mi experiencia con mi mam\u00e1s,<span class=\"Apple-converted-space\">\u00a0 <\/span>a las madres se les ha cargado esa estigma de que deben ser sufridas, santas, perfectas y no las madres son mujeres as\u00ed tal cual como ha sido mi mam\u00e1 que dio todo por m\u00ed y le agradezco lo que ha hecho por m\u00ed es muy honesta y abierta de coraz\u00f3n\u201d, finaliz\u00f3.<\/p>\n<p>Mon Laferte grab\u00f3 un concierto en vivo desde el Teatro Fru Fru de la Ciudad de M\u00e9xico, el cual el p\u00fablico podr\u00e1 ver a trav\u00e9s de la plataforma Streamtime el pr\u00f3ximo jueves 5 de noviembre a las 20:00 horas, el costo es de 199 pesos. Y un d\u00eda despu\u00e9s se transmitir\u00e1 a Europa.<\/p>\n<p><span class=\"Apple-converted-space\">\u00a0<\/span><\/p>\n<blockquote><p><i>Mon Laferte grab\u00f3 un concierto en vivo desde el Teatro Fru Fru de la Ciudad de M\u00e9xico, el cual el p\u00fablico podr\u00e1 ver a trav\u00e9s de la plataforma Streamtime el pr\u00f3ximo jueves 5 de noviembre a las 20:00 horas, el costo es de 199 pesos<\/i><\/p><\/blockquote>\n","protected":false},"excerpt":{"rendered":"<p>Con 13 a\u00f1os viviendo en M\u00e9xico, la cantautora chilena Mon Laferte asegura que est\u00e1 muy emocionada de todo lo que ha conseguido en este tiempo y afirma que el feminismo no es cosa de un d\u00eda o por obtener miradas en una entrega de premios, m\u00e1s bien esto es un trabajo arduo de d\u00eda a d\u00eda lo cual ha hecho que tenga claro que est\u00e1 orgullosa de ser feminista\u00a0dijo, Mon Laferte<\/p>\n","protected":false},"author":1,"featured_media":484798,"comment_status":"open","ping_status":"open","sticky":false,"template":"","format":"standard","meta":{"_monsterinsights_skip_tracking":false,"_monsterinsights_sitenote_active":false,"_monsterinsights_sitenote_note":"","_monsterinsights_sitenote_category":0,"footnotes":""},"categories":[12],"tags":[45630],"class_list":["post-484797","post","type-post","status-publish","format-standard","has-post-thumbnail","hentry","category-espectaculos","tag-mon-laferte"],"_links":{"self":[{"href":"https:\/\/www.diarioimagen.net\/index.php?rest_route=\/wp\/v2\/posts\/484797","targetHints":{"allow":["GET"]}}],"collection":[{"href":"https:\/\/www.diarioimagen.net\/index.php?rest_route=\/wp\/v2\/posts"}],"about":[{"href":"https:\/\/www.diarioimagen.net\/index.php?rest_route=\/wp\/v2\/types\/post"}],"author":[{"embeddable":true,"href":"https:\/\/www.diarioimagen.net\/index.php?rest_route=\/wp\/v2\/users\/1"}],"replies":[{"embeddable":true,"href":"https:\/\/www.diarioimagen.net\/index.php?rest_route=%2Fwp%2Fv2%2Fcomments&post=484797"}],"version-history":[{"count":0,"href":"https:\/\/www.diarioimagen.net\/index.php?rest_route=\/wp\/v2\/posts\/484797\/revisions"}],"wp:featuredmedia":[{"embeddable":true,"href":"https:\/\/www.diarioimagen.net\/index.php?rest_route=\/wp\/v2\/media\/484798"}],"wp:attachment":[{"href":"https:\/\/www.diarioimagen.net\/index.php?rest_route=%2Fwp%2Fv2%2Fmedia&parent=484797"}],"wp:term":[{"taxonomy":"category","embeddable":true,"href":"https:\/\/www.diarioimagen.net\/index.php?rest_route=%2Fwp%2Fv2%2Fcategories&post=484797"},{"taxonomy":"post_tag","embeddable":true,"href":"https:\/\/www.diarioimagen.net\/index.php?rest_route=%2Fwp%2Fv2%2Ftags&post=484797"}],"curies":[{"name":"wp","href":"https:\/\/api.w.org\/{rel}","templated":true}]}}