{"id":484853,"date":"2020-10-30T00:06:38","date_gmt":"2020-10-30T06:06:38","guid":{"rendered":"https:\/\/www.diarioimagen.net\/?p=484853"},"modified":"2020-11-01T23:09:38","modified_gmt":"2020-11-02T05:09:38","slug":"alfredo-barrera-inauguro-exposicion-colectiva-esporas","status":"publish","type":"post","link":"https:\/\/www.diarioimagen.net\/?p=484853","title":{"rendered":"Alfredo Barrera inaugur\u00f3 exposici\u00f3n colectiva \u201cEsporas\u201d"},"content":{"rendered":"<p><strong>\u00a0<\/strong><\/p>\n<ul>\n<li><em><strong>Las obras de esta muestra, abierta al p\u00fablico hasta el pr\u00f3ximo 14 de noviembre en la Galer\u00eda Universitaria \u201cFernando Cano\u201d, son autor\u00eda de universitarios de las facultades de Arquitectura y Dise\u00f1o y Artes, as\u00ed como el Centro Universitario Ixtlahuaca<\/strong><br \/>\n<\/em><\/li>\n<\/ul>\n<p><strong>\u00a0<\/strong><\/p>\n<div id=\"attachment_484917\" style=\"width: 470px\" class=\"wp-caption aligncenter\"><a href=\"https:\/\/www.diarioimagen.net\/?attachment_id=484917\" rel=\"attachment wp-att-484917\"><img loading=\"lazy\" decoding=\"async\" aria-describedby=\"caption-attachment-484917\" class=\"size-full wp-image-484917\" src=\"https:\/\/www.diarioimagen.net\/wp-content\/uploads\/2020\/10\/rector-uaem-1.jpg\" alt=\"\" width=\"460\" height=\"270\" \/><\/a><p id=\"caption-attachment-484917\" class=\"wp-caption-text\">Alfredo Barrera expres\u00f3 que Esporas, adem\u00e1s de demostrar la creatividad y habilidades de los participantes, es una innovaci\u00f3n formidable .<\/p><\/div>\n<p>&nbsp;<\/p>\n<p><strong>Toluca, Estado de M\u00e9xico.-<\/strong> En la Galer\u00eda \u201cFernando Cano\u201d del Edificio de Rector\u00eda de la Universidad Aut\u00f3noma del Estado de M\u00e9xico, el rector Alfredo Barrera Baca inaugur\u00f3 la exposici\u00f3n colectiva itinerante \u201cEsporas\u201d, conformada por ilustraciones de universitarios de las facultades de Arquitectura y Dise\u00f1o y Artes, as\u00ed como el Centro Universitario Ixtlahuaca.<\/p>\n<p>Las obras de esta muestra, abierta al p\u00fablico hasta el pr\u00f3ximo 14 de noviembre, forman parte de Esporas Cat\u00e1logo, publicaci\u00f3n trimestral gratuita digital e impresa que busca demostrar el valor agregado que tiene el uso de la ilustraci\u00f3n para una empresa y los beneficios que puede traer al utilizarla para impulsar cualquier tipo de negocio.<\/p>\n<p>Alfredo Barrera expres\u00f3 que Esporas, adem\u00e1s de demostrar la creatividad y habilidades de los participantes, es una innovaci\u00f3n formidable que ofrece soluciones originales a las necesidades de toda empresa o emprendedor p\u00fablico y privado que quiera comunicar profesionalmente un mensaje.<\/p>\n<p>\u201cLa ilustraci\u00f3n aprovecha todo tipo de soporte para llevar sus mensajes hacia las m\u00e1s amplias capas de la sociedad, utilizando desde las t\u00e9cnicas m\u00e1s tradicionales hasta las alternativas, dialogando con la visualidad m\u00e1s antigua y tradicional y con la m\u00e1s vanguardista expresi\u00f3n del arte contempor\u00e1neo, donde cabe todo registro de la realidad que percibimos a trav\u00e9s de nuestra vista\u201d.<\/p>\n<p>Ante la directora de la Facultad de Arquitectura y Dise\u00f1o, Martha Patricia Zarza Delgado, reconoci\u00f3 a los participantes de la muestra por contribuir a consolidar el bien ganado prestigio de alumnos y egresados de la UAEM como personas innovadoras, \u00e9ticas y competentes.<\/p>\n<p>\u201cLa UAEM contribuye a legitimar al dise\u00f1o gr\u00e1fico e industrial y la ilustraci\u00f3n como poderosas herramientas de comunicaci\u00f3n que no se agotan en los contenidos comerciales, pol\u00edticos o educativos que transmiten, sino que tambi\u00e9n participan en el di\u00e1logo est\u00e9tico de la visualidad contempor\u00e1nea\u201d.<\/p>\n<p>Como parte de la inauguraci\u00f3n, Alfredo Barrera Baca entreg\u00f3 reconocimientos a 13 estudiantes que forman parte del proyecto y tienen obras expuestas en el recinto, con t\u00e9cnicas mixtas de elaboraci\u00f3n.<\/p>\n<p>El secretario de Difusi\u00f3n Cultural de la UAEM, Jos\u00e9 Edgar Miranda Ortiz, indic\u00f3 que la muestra es un prototipo expositivo regulado por tres ejes esenciales: dise\u00f1o tradicional, dise\u00f1o gr\u00e1fico digital y dise\u00f1o corporativo.<\/p>\n<p>Esporas Cat\u00e1logo, creado por estudiantes de la UAEM, surge de la necesidad, ante la emergencia sanitaria, de ofrecer los servicios de ilustradores y dise\u00f1adores gr\u00e1ficos, principalmente, como una herramienta que pueda impulsar la promoci\u00f3n y el consumo de los negocios locales afectados, colateralmente, por la pandemia de COVID-19.<\/p>\n","protected":false},"excerpt":{"rendered":"<p>En la Galer\u00eda \u201cFernando Cano\u201d del Edificio de Rector\u00eda de la Universidad Aut\u00f3noma del Estado de M\u00e9xico, el rector Alfredo Barrera Baca inaugur\u00f3 la exposici\u00f3n colectiva itinerante \u201cEsporas\u201d, conformada por ilustraciones de universitarios de las facultades de Arquitectura y Dise\u00f1o y Artes, as\u00ed como el Centro Universitario Ixtlahuaca. \u00a0<\/p>\n","protected":false},"author":3,"featured_media":484917,"comment_status":"open","ping_status":"open","sticky":false,"template":"","format":"standard","meta":{"_monsterinsights_skip_tracking":false,"_monsterinsights_sitenote_active":false,"_monsterinsights_sitenote_note":"","_monsterinsights_sitenote_category":0,"footnotes":""},"categories":[5],"tags":[91817,43675,452,1490],"class_list":["post-484853","post","type-post","status-publish","format-standard","has-post-thumbnail","hentry","category-estado-de-mexico","tag-edificio-de-rectoria","tag-estado-de-mexico","tag-toluca","tag-universidad-autonoma-del-estado-de-mexico"],"_links":{"self":[{"href":"https:\/\/www.diarioimagen.net\/index.php?rest_route=\/wp\/v2\/posts\/484853","targetHints":{"allow":["GET"]}}],"collection":[{"href":"https:\/\/www.diarioimagen.net\/index.php?rest_route=\/wp\/v2\/posts"}],"about":[{"href":"https:\/\/www.diarioimagen.net\/index.php?rest_route=\/wp\/v2\/types\/post"}],"author":[{"embeddable":true,"href":"https:\/\/www.diarioimagen.net\/index.php?rest_route=\/wp\/v2\/users\/3"}],"replies":[{"embeddable":true,"href":"https:\/\/www.diarioimagen.net\/index.php?rest_route=%2Fwp%2Fv2%2Fcomments&post=484853"}],"version-history":[{"count":0,"href":"https:\/\/www.diarioimagen.net\/index.php?rest_route=\/wp\/v2\/posts\/484853\/revisions"}],"wp:featuredmedia":[{"embeddable":true,"href":"https:\/\/www.diarioimagen.net\/index.php?rest_route=\/wp\/v2\/media\/484917"}],"wp:attachment":[{"href":"https:\/\/www.diarioimagen.net\/index.php?rest_route=%2Fwp%2Fv2%2Fmedia&parent=484853"}],"wp:term":[{"taxonomy":"category","embeddable":true,"href":"https:\/\/www.diarioimagen.net\/index.php?rest_route=%2Fwp%2Fv2%2Fcategories&post=484853"},{"taxonomy":"post_tag","embeddable":true,"href":"https:\/\/www.diarioimagen.net\/index.php?rest_route=%2Fwp%2Fv2%2Ftags&post=484853"}],"curies":[{"name":"wp","href":"https:\/\/api.w.org\/{rel}","templated":true}]}}