{"id":485095,"date":"2020-11-03T00:02:38","date_gmt":"2020-11-03T06:02:38","guid":{"rendered":"https:\/\/www.diarioimagen.net\/?p=485095"},"modified":"2020-11-02T20:12:48","modified_gmt":"2020-11-03T02:12:48","slug":"realizaron-en-huixquilucan-examenes-de-vista-en-albergue-temporal-infantil-y-centro-gerontologico","status":"publish","type":"post","link":"https:\/\/www.diarioimagen.net\/?p=485095","title":{"rendered":"Realizaron en Huixquilucan ex\u00e1menes de vista en albergue temporal\u00a0infantil y centro gerontol\u00f3gico"},"content":{"rendered":"<p>&nbsp;<\/p>\n<p><img loading=\"lazy\" decoding=\"async\" class=\"aligncenter size-full wp-image-485096\" src=\"https:\/\/www.diarioimagen.net\/wp-content\/uploads\/2020\/11\/CAMACHO3-cPOR.jpg\" alt=\"\" width=\"270\" height=\"460\" \/><\/p>\n<p>&nbsp;<\/p>\n<p><strong>Huixquilucan, Estado de M\u00e9xico<\/strong><b>.-<\/b> Gracias a la gesti\u00f3n de la licenciada Romina Contreras de Vargas presidenta del Sistema Municipal DIF Huixquilucan, con el apoyo de la Fundaci\u00f3n Mexicana Para Ver y Estar Mejor, A.C., se realiz\u00f3 ex\u00e1menes de la vista y entrega de lentes a ni\u00f1os y ni\u00f1as del Albergue Temporal Infantil Renacer, a los adultos mayores del Centro Gerontol\u00f3gico Sagrado Coraz\u00f3n a internos del Centro de Rehabilitaci\u00f3n Integral contra las Adicciones CRIA y a internas del CRIA Santa Rita.<span class=\"Apple-converted-space\">\u00a0<\/span><\/p>\n","protected":false},"excerpt":{"rendered":"<p>Gracias a la gesti\u00f3n de la licenciada Romina Contreras de Vargas presidenta del Sistema Municipal DIF Huixquilucan, con el apoyo de la Fundaci\u00f3n Mexicana Para Ver y Estar Mejor, A.C.,<\/p>\n","protected":false},"author":1,"featured_media":485097,"comment_status":"open","ping_status":"open","sticky":false,"template":"","format":"standard","meta":{"_monsterinsights_skip_tracking":false,"_monsterinsights_sitenote_active":false,"_monsterinsights_sitenote_note":"","_monsterinsights_sitenote_category":0,"footnotes":""},"categories":[5],"tags":[43675,1097],"class_list":["post-485095","post","type-post","status-publish","format-standard","has-post-thumbnail","hentry","category-estado-de-mexico","tag-estado-de-mexico","tag-huixquilucan"],"_links":{"self":[{"href":"https:\/\/www.diarioimagen.net\/index.php?rest_route=\/wp\/v2\/posts\/485095","targetHints":{"allow":["GET"]}}],"collection":[{"href":"https:\/\/www.diarioimagen.net\/index.php?rest_route=\/wp\/v2\/posts"}],"about":[{"href":"https:\/\/www.diarioimagen.net\/index.php?rest_route=\/wp\/v2\/types\/post"}],"author":[{"embeddable":true,"href":"https:\/\/www.diarioimagen.net\/index.php?rest_route=\/wp\/v2\/users\/1"}],"replies":[{"embeddable":true,"href":"https:\/\/www.diarioimagen.net\/index.php?rest_route=%2Fwp%2Fv2%2Fcomments&post=485095"}],"version-history":[{"count":0,"href":"https:\/\/www.diarioimagen.net\/index.php?rest_route=\/wp\/v2\/posts\/485095\/revisions"}],"wp:featuredmedia":[{"embeddable":true,"href":"https:\/\/www.diarioimagen.net\/index.php?rest_route=\/wp\/v2\/media\/485097"}],"wp:attachment":[{"href":"https:\/\/www.diarioimagen.net\/index.php?rest_route=%2Fwp%2Fv2%2Fmedia&parent=485095"}],"wp:term":[{"taxonomy":"category","embeddable":true,"href":"https:\/\/www.diarioimagen.net\/index.php?rest_route=%2Fwp%2Fv2%2Fcategories&post=485095"},{"taxonomy":"post_tag","embeddable":true,"href":"https:\/\/www.diarioimagen.net\/index.php?rest_route=%2Fwp%2Fv2%2Ftags&post=485095"}],"curies":[{"name":"wp","href":"https:\/\/api.w.org\/{rel}","templated":true}]}}