{"id":485129,"date":"2020-11-03T00:06:04","date_gmt":"2020-11-03T06:06:04","guid":{"rendered":"https:\/\/www.diarioimagen.net\/?p=485129"},"modified":"2020-11-03T23:36:13","modified_gmt":"2020-11-04T05:36:13","slug":"consejo-universitario-de-uaem-respalda-modalidad-mixta-en-la-educacion","status":"publish","type":"post","link":"https:\/\/www.diarioimagen.net\/?p=485129","title":{"rendered":"Consejo Universitario de UAEM respalda modalidad mixta en la educaci\u00f3n\u00a0"},"content":{"rendered":"<p>&nbsp;<\/p>\n<ul>\n<li><em><strong>Aprueban decreto en sesi\u00f3n ordinaria<\/strong><\/em><\/li>\n<\/ul>\n<p>&nbsp;<\/p>\n<div id=\"attachment_485130\" style=\"width: 470px\" class=\"wp-caption aligncenter\"><img loading=\"lazy\" decoding=\"async\" aria-describedby=\"caption-attachment-485130\" class=\"size-full wp-image-485130\" src=\"https:\/\/www.diarioimagen.net\/wp-content\/uploads\/2020\/11\/UAEM13POR.jpg\" alt=\"\" width=\"460\" height=\"270\" \/><p id=\"caption-attachment-485130\" class=\"wp-caption-text\">Durante la sesi\u00f3n ordinaria, el H. Consejo Universitario de la UAEM aprob\u00f3 el decreto que establece que los planes y programas de bachillerato y estudios profesionales en la modalidad escolarizada puedan impartirse en la modalidad mixta.<\/p><\/div>\n<p>&nbsp;<\/p>\n<p><strong>Toluca, Estado de M\u00e9xico<\/strong>.\u2013 El H. Consejo Universitario de la Universidad Aut\u00f3noma del Estado de M\u00e9xico aprob\u00f3 el decreto mediante el cual se establece que los planes y programas de bachillerato y estudios profesionales en la modalidad escolarizada puedan impartirse en la modalidad mixta.<\/p>\n<p>Durante la sesi\u00f3n ordinaria correspondiente al mes de octubre del m\u00e1ximo \u00f3rgano de gobierno de la instituci\u00f3n, el rector Alfredo Barrera Baca afirm\u00f3 que una vez que se regrese a la normalidad, la impartici\u00f3n de clases en la instituci\u00f3n alternar\u00e1 la modalidad presencial y virtual en aquellas unidades de aprendizaje te\u00f3rico-pr\u00e1cticas.<\/p>\n<p>En el Patio del Centenario del Edificio de Rector\u00eda consider\u00f3 que no deben descartarse las capacidades y aprendizajes adquiridos durante la contingencia sanitaria por la pandemia de COVID-19, que exigi\u00f3 el cambio a clases en la modalidad virtual, posibilit\u00f3 la capacitaci\u00f3n de docentes y su adaptaci\u00f3n a la ense\u00f1anza virtual.<\/p>\n<p>El decreto considera, entre otros aspectos, garantizar apoyos econ\u00f3micos que permitan a estudiantes de escasos recursos contar con el servicio de conectividad como elemento esencial para el sistema de ense\u00f1anza virtual; asimismo, se emitir\u00e1n, armonizar\u00e1n y actualizar\u00e1n las normas de operaci\u00f3n, supervisi\u00f3n y evaluaci\u00f3n pertinentes.<\/p>\n<p>En esta sesi\u00f3n tambi\u00e9n fue aprobada por unanimidad la creaci\u00f3n de la Maestr\u00eda en Psicolog\u00eda y Salud, en la que participan los centros universitarios de la UAEM de Atlacomulco, Ecatepec, Nezahualc\u00f3yotl y Zumpango, que permitir\u00e1 fortalecer acad\u00e9micamente los \u00f3rganos desconcentrados de la instituci\u00f3n.<\/p>\n<p>Este nuevo programa, con duraci\u00f3n de dos a\u00f1os, tiene como objetivo la evaluaci\u00f3n, intervenci\u00f3n y estudio de procesos psicosociales involucrados en la salud de las personas. Contar\u00e1 con las l\u00edneas de creaci\u00f3n y aplicaci\u00f3n en las \u00e1reas de investigaci\u00f3n de intervenciones y evaluaciones, as\u00ed como la biopsicolog\u00eda, salud y sociedad.<\/p>\n","protected":false},"excerpt":{"rendered":"<p>Consejo Universitario de la Universidad Aut\u00f3noma del Estado de M\u00e9xico aprob\u00f3 el decreto mediante el cual se establece que los planes y programas de bachillerato y estudios profesionales en la<\/p>\n","protected":false},"author":1,"featured_media":485130,"comment_status":"open","ping_status":"open","sticky":false,"template":"","format":"standard","meta":{"_monsterinsights_skip_tracking":false,"_monsterinsights_sitenote_active":false,"_monsterinsights_sitenote_note":"","_monsterinsights_sitenote_category":0,"footnotes":""},"categories":[5],"tags":[43675,452,1491],"class_list":["post-485129","post","type-post","status-publish","format-standard","has-post-thumbnail","hentry","category-estado-de-mexico","tag-estado-de-mexico","tag-toluca","tag-uaem"],"_links":{"self":[{"href":"https:\/\/www.diarioimagen.net\/index.php?rest_route=\/wp\/v2\/posts\/485129","targetHints":{"allow":["GET"]}}],"collection":[{"href":"https:\/\/www.diarioimagen.net\/index.php?rest_route=\/wp\/v2\/posts"}],"about":[{"href":"https:\/\/www.diarioimagen.net\/index.php?rest_route=\/wp\/v2\/types\/post"}],"author":[{"embeddable":true,"href":"https:\/\/www.diarioimagen.net\/index.php?rest_route=\/wp\/v2\/users\/1"}],"replies":[{"embeddable":true,"href":"https:\/\/www.diarioimagen.net\/index.php?rest_route=%2Fwp%2Fv2%2Fcomments&post=485129"}],"version-history":[{"count":0,"href":"https:\/\/www.diarioimagen.net\/index.php?rest_route=\/wp\/v2\/posts\/485129\/revisions"}],"wp:featuredmedia":[{"embeddable":true,"href":"https:\/\/www.diarioimagen.net\/index.php?rest_route=\/wp\/v2\/media\/485130"}],"wp:attachment":[{"href":"https:\/\/www.diarioimagen.net\/index.php?rest_route=%2Fwp%2Fv2%2Fmedia&parent=485129"}],"wp:term":[{"taxonomy":"category","embeddable":true,"href":"https:\/\/www.diarioimagen.net\/index.php?rest_route=%2Fwp%2Fv2%2Fcategories&post=485129"},{"taxonomy":"post_tag","embeddable":true,"href":"https:\/\/www.diarioimagen.net\/index.php?rest_route=%2Fwp%2Fv2%2Ftags&post=485129"}],"curies":[{"name":"wp","href":"https:\/\/api.w.org\/{rel}","templated":true}]}}