{"id":485163,"date":"2020-11-03T00:05:40","date_gmt":"2020-11-03T06:05:40","guid":{"rendered":"https:\/\/www.diarioimagen.net\/?p=485163"},"modified":"2020-11-03T23:36:26","modified_gmt":"2020-11-04T05:36:26","slug":"relacion-de-uaem-con-universidades-de-meikai-y-asahi-cumplio-41-anos","status":"publish","type":"post","link":"https:\/\/www.diarioimagen.net\/?p=485163","title":{"rendered":"Relaci\u00f3n de UAEM con universidades de Meikai y Asahi cumpli\u00f3 41 a\u00f1os"},"content":{"rendered":"<p><em>\u00a0<\/em><\/p>\n<ul>\n<li><strong><em>La Secretar\u00eda de Cooperaci\u00f3n Internacional y la Facultad de Odontolog\u00eda de la Aut\u00f3noma mexiquense llevaron a cabo el conversatorio \u201cExperiencia de las universidades de Asahi y Meikai, Jap\u00f3n, y la Facultad de Odontolog\u00eda de la UAEM ante la COVID-19\u201d<\/em><\/strong><\/li>\n<\/ul>\n<p>&nbsp;<\/p>\n<div id=\"attachment_485242\" style=\"width: 470px\" class=\"wp-caption aligncenter\"><a href=\"https:\/\/www.diarioimagen.net\/?attachment_id=485242\" rel=\"attachment wp-att-485242\"><img loading=\"lazy\" decoding=\"async\" aria-describedby=\"caption-attachment-485242\" class=\"size-full wp-image-485242\" src=\"https:\/\/www.diarioimagen.net\/wp-content\/uploads\/2020\/11\/uaem-odo.jpg\" alt=\"\" width=\"460\" height=\"327\" \/><\/a><p id=\"caption-attachment-485242\" class=\"wp-caption-text\">La Secretar\u00eda de Cooperaci\u00f3n Internacional y la Facultad de Odontolog\u00eda de la UAEM llevaron a cabo el conversatorio \u201cExperiencia de las universidades de Asahi y Meikai, Jap\u00f3n, y la Facultad de Odontolog\u00eda de la UAEM ante la COVID-19&#8243;, en el que compartieron experiencias acad\u00e9micas y culturales en torno a la emergencia sanitaria que se vive a nivel mundial.<\/p><\/div>\n<p>&nbsp;<\/p>\n<p><strong>Toluca, Estado de M\u00e9xico.\u2013<\/strong> La Secretar\u00eda de Cooperaci\u00f3n Internacional y la Facultad de Odontolog\u00eda de la Universidad Aut\u00f3noma del Estado de M\u00e9xico llevaron a cabo el conversatorio \u201cExperiencia de las universidades de Asahi y Meikai, Jap\u00f3n, y la Facultad de Odontolog\u00eda de la UAEM ante la COVID-19\u201d.<\/p>\n<p>En este ejercicio participaron los alumnos y profesores que tomaron parte en el intercambio acad\u00e9mico del presente a\u00f1o, en el marco del 41 aniversario de la relaci\u00f3n acad\u00e9mica entre las escuelas de odontolog\u00eda de las universidades niponas y la Facultad de Odontolog\u00eda de la UAEM.<\/p>\n<p>En este evento, encabezado por la directora de la Facultad, Edith Lara Carrillo; el presidente del Comit\u00e9 de Intercambio Internacional y profesor de la Universidad de Meikai, Masanori Fujisawa, y el presidente del Comit\u00e9 de Intercambio Internacional y profesor de la Universidad de Asahi, Motohiko Nagayama, los participantes compartieron experiencias acad\u00e9micas y culturales en torno a la emergencia sanitaria que se vive a nivel mundial.<\/p>\n<p>Estudiantes y catedr\u00e1ticos de las tres universidades compartieron el entusiasmo e inter\u00e9s con el que desde hace m\u00e1s de cuatro d\u00e9cadas se vive esta experiencia acad\u00e9mica y cultural, fortaleciendo los lazos de hermandad, cooperaci\u00f3n, amistad y solidaridad entre ambas naciones.<\/p>\n<p>Los participantes en esta actividad aseguraron que esta pandemia nos ha hecho modificar y adaptarnos a un nuevo estilo de vida. \u201cEs un parteaguas en la historia que nos llevar\u00e1 a escenarios interesantes e idealmente esperanzadores y mejores\u201d.<\/p>\n","protected":false},"excerpt":{"rendered":"<p>La Secretar\u00eda de Cooperaci\u00f3n Internacional y la Facultad de Odontolog\u00eda de la Universidad Aut\u00f3noma del Estado de M\u00e9xico llevaron a cabo el conversatorio \u201cExperiencia de las universidades de Asahi y Meikai, Jap\u00f3n, y la Facultad de Odontolog\u00eda de la UAEM ante la COVID-19\u201d.<\/p>\n","protected":false},"author":3,"featured_media":485243,"comment_status":"open","ping_status":"open","sticky":false,"template":"","format":"standard","meta":{"_monsterinsights_skip_tracking":false,"_monsterinsights_sitenote_active":false,"_monsterinsights_sitenote_note":"","_monsterinsights_sitenote_category":0,"footnotes":""},"categories":[5],"tags":[43675,91830,452,1491],"class_list":["post-485163","post","type-post","status-publish","format-standard","has-post-thumbnail","hentry","category-estado-de-mexico","tag-estado-de-mexico","tag-facultad-de-odontologia","tag-toluca","tag-uaem"],"_links":{"self":[{"href":"https:\/\/www.diarioimagen.net\/index.php?rest_route=\/wp\/v2\/posts\/485163","targetHints":{"allow":["GET"]}}],"collection":[{"href":"https:\/\/www.diarioimagen.net\/index.php?rest_route=\/wp\/v2\/posts"}],"about":[{"href":"https:\/\/www.diarioimagen.net\/index.php?rest_route=\/wp\/v2\/types\/post"}],"author":[{"embeddable":true,"href":"https:\/\/www.diarioimagen.net\/index.php?rest_route=\/wp\/v2\/users\/3"}],"replies":[{"embeddable":true,"href":"https:\/\/www.diarioimagen.net\/index.php?rest_route=%2Fwp%2Fv2%2Fcomments&post=485163"}],"version-history":[{"count":0,"href":"https:\/\/www.diarioimagen.net\/index.php?rest_route=\/wp\/v2\/posts\/485163\/revisions"}],"wp:featuredmedia":[{"embeddable":true,"href":"https:\/\/www.diarioimagen.net\/index.php?rest_route=\/wp\/v2\/media\/485243"}],"wp:attachment":[{"href":"https:\/\/www.diarioimagen.net\/index.php?rest_route=%2Fwp%2Fv2%2Fmedia&parent=485163"}],"wp:term":[{"taxonomy":"category","embeddable":true,"href":"https:\/\/www.diarioimagen.net\/index.php?rest_route=%2Fwp%2Fv2%2Fcategories&post=485163"},{"taxonomy":"post_tag","embeddable":true,"href":"https:\/\/www.diarioimagen.net\/index.php?rest_route=%2Fwp%2Fv2%2Ftags&post=485163"}],"curies":[{"name":"wp","href":"https:\/\/api.w.org\/{rel}","templated":true}]}}