{"id":485173,"date":"2020-11-03T00:02:40","date_gmt":"2020-11-03T06:02:40","guid":{"rendered":"https:\/\/www.diarioimagen.net\/?p=485173"},"modified":"2020-11-02T22:14:08","modified_gmt":"2020-11-03T04:14:08","slug":"eleccion-en-eu-la-atencion-del-mundo","status":"publish","type":"post","link":"https:\/\/www.diarioimagen.net\/?p=485173","title":{"rendered":"Elecci\u00f3n en EU, la atenci\u00f3n del mundo"},"content":{"rendered":"<h2>La Retaguardia<\/h2>\n<h5>Adriana Moreno Cordero<\/h5>\n<p>&nbsp;<\/p>\n<ul>\n<li><em><strong>Ricardo Gallardo se inscribe como precandidato a SLP<\/strong><\/em><\/li>\n<\/ul>\n<p>&nbsp;<\/p>\n<p>Las elecciones en Estados Unidos tienen la atenci\u00f3n del mundo y de acuerdo a diversas encuestas, se supone que el dem\u00f3crata <strong>Joe Biden<\/strong>, cuenta con el 90 por ciento de probabilidades de ganar sobre <strong>Donald Trump<\/strong>, a quien le urge ganar la reelecci\u00f3n porque de salir derrotado, podr\u00eda ir directo a la c\u00e1rcel, de entrada, porque no pag\u00f3 impuestos y eso es una cuenta pendiente.<\/p>\n<p>Adem\u00e1s est\u00e1 la forma tan incoherente en la que a lo largo de su gesti\u00f3n, ha actuado el inquilino de la Casa Blanca, especialmente, en su campa\u00f1a electoral, donde se burl\u00f3 del coronavirus; se autoelogi\u00f3 diciendo que \u00e9l era un s\u00faper hombre y lo hab\u00eda podido vencer en tiempo r\u00e9cord y por lo tanto, era inmune.<\/p>\n<p>No obstante, si el alocado Trump no hubiera tenido que enfrentar la pandemia de Covid-19, a lo mejor su ca\u00edda no hubiera sido tan precipitada. Sin embargo, no faltan los que ven uno que otro nubarr\u00f3n en estos comicios. Cuesti\u00f3n de recordar cuando Trump compiti\u00f3 con la dem\u00f3crata <strong>Hillary Clinton<\/strong>, que llevaba todas las de ganar y al final perdi\u00f3.<\/p>\n<p>Tampoco se puede soslayar cuando el todav\u00eda presidente de Estados Unidos, visit\u00f3 nuestro pa\u00eds, en la presidencia de <strong>Enrique Pe\u00f1a Nieto<\/strong>, acci\u00f3n que fue muy criticada y le cost\u00f3 el puesto a <strong>Luis Videgaray<\/strong>.<\/p>\n<p>Una vez que Trump lleg\u00f3 a la Casa Blanca, por \u201clas benditas redes\u201d, Pe\u00f1a Nieto afirm\u00f3 que si bien la visita del presidente norteamericano en su calidad de candidato fue un evento apresurado, \u201cdej\u00f3 abierta la puerta al di\u00e1logo con ese pa\u00eds y permiti\u00f3 tener hoy la posici\u00f3n de encuentro en la renegociaci\u00f3n del Tratado de Libre Comercio con Am\u00e9rica del Norte (TLCAN) que beneficie a todos\u201d.<\/p>\n<p>Pero en realidad no, nada de eso pas\u00f3 ni hubo beneficio alguno porque el presidente estadunidense se ha dedicado a criticar y amagar a M\u00e9xico y el \u201cbot\u00f3n\u201d m\u00e1s ilustrativo, es el pago que se supone tiene que hacer nuestro pa\u00eds por el muro fronterizo para evitar el paso de migrantes mexicanos y de Centroam\u00e9rica.<\/p>\n<p>Luego, ya en la gesti\u00f3n del presidente <strong>Andr\u00e9s Manuel L\u00f3pez Obrador<\/strong>, Trump continu\u00f3 con sus desprecios y amenazas, por ejemplo aquella que recuerda muy bien el secretario de Relaciones Exteriores, <strong>Marcelo Ebrard<\/strong>, sobre imposici\u00f3n de aranceles y por toda respuesta, ante los insultos y las majader\u00edas, el tabasque\u00f1o ha optado por no tocar a su delirante \u201camigo\u201d; el \u201camor y paz\u201d como el propio Presidente mexicano dice, cuando en sus tiempos de candidato, aseguraba que le callar\u00eda la boca a Trump. Al final, \u00bfle dar\u00eda miedo al tabasque\u00f1o?<\/p>\n<p>El caso es que en M\u00e9xico, varios actores pol\u00edticos se han \u201ccolgado\u201d de lo que podr\u00edamos llamar \u201cel efecto Trump\u201d y ese ha sido el caso de <strong>Ricardo Anaya<\/strong>, quien luego de haber padecido Covid-19, se recuper\u00f3 para volver con m\u00e1s br\u00edos a la escena pol\u00edtica nacional en la que L\u00f3pez Obrador ha optado por \u201cni un lazo echarle\u201d, ni le echar\u00e1.<\/p>\n<p>De cualquier manera, el ex \u201cjoven maravilla\u201d lanz\u00f3 un video en el que en resumidas cuentas dijo: \u201cSer\u00eda una verg\u00fcenza que AMLO le hubiera ayudado a Trump a ganar\u201d, esto en referencia a la visita que hizo recientemente el tabasque\u00f1o a Estados Unidos y en la que demostr\u00f3 todo lo servil que puede llegar a ser con el poderoso vecino del norte, pero de ah\u00ed, a que el mexicano tenga tal poder de convocatoria para ayudarle al inquilino de la Casa Blanca con el voto latino, de plano, no. All\u00e1, del otro lado de la frontera, tambi\u00e9n hay mucho desencanto hacia L\u00f3pez Obrador.<\/p>\n<p style=\"text-align: center;\"><strong>Municiones<\/strong><\/p>\n<p>*** El diputado federal por el PVEM, <strong>Jos\u00e9 Ricardo Gallardo Cardona<\/strong>, se registr\u00f3 ayer como precandidato de dicho instituto pol\u00edtico para la gubernatura de San Luis Potos\u00ed y lleva bajo el brazo, todas las encuestas que se han aplicado y que lo colocan como favorito. El Secretario General del Comit\u00e9 Ejecutivo Estatal (CEE), <strong>Jes\u00fas Emmanuel Ramos Hern\u00e1ndez<\/strong>, dio a conocer que con esto arranca el registro de pre candidaturas en el Partido Verde, de cara a las votaciones del 6 de junio de 2021. Ahora lo que sigue es que lo que el legislador dio a conocer y es que, por ahora, no solicitar\u00e1 licencia a su curul en la C\u00e1mara de Diputados, ya que ni la legislaci\u00f3n en la materia ni los estatutos del partido lo obligan. \u00abIndependientemente de que est\u00e9 participando en un proceso interno, tengo que ser responsable y cumplir con el cargo para el que los potosinos me eligieron, en su momento, cuando la legislaci\u00f3n as\u00ed lo establezca y si se da el caso de que yo sea candidato, entonces me separar\u00e9 del cargo\u201d. Hay que recordar que el 23 de noviembre, el PVEM llevar\u00e1 a cabo los registros para los cargos de diputados y miembros de los ayuntamientos y la Asamblea Estatal Extraordinaria, donde ser\u00e1n elegidos los candidatos, se llevar\u00e1 a cabo el 14 de febrero de 2021 en las instalaciones del CEE del Partido Verde,\u00a0 y deber\u00e1 estar presente el representante de la Comisi\u00f3n Nacional de Procedimientos Internos.<\/p>\n<p>*** Los gobernadores integrantes de la Alianza Federalista le enviaron ayer una carta al presidente L\u00f3pez Obrador en la que, de cara al encuentro que supuestamente tendr\u00e1n con el Ejecutivo, le proponen posponer unos d\u00edas la discusi\u00f3n y el debate sobre el Sistema de Coordinaci\u00f3n Fiscal, \u201cy nos concentremos en este momento en el presupuesto 2021, donde nuestra posici\u00f3n es que ning\u00fan estado del pa\u00eds puede recibir menos recursos en t\u00e9rminos reales que en el a\u00f1o 2020. As\u00ed de claro\u201d. Y para conseguir su objetivo, los mandatarios estatales federalistas plantean: Hacer la distribuci\u00f3n geogr\u00e1fica de recursos pendientes (Insabi, SCT); garantizar la inclusi\u00f3n de proyectos espec\u00edficos de infraestructura, que tengan un impacto sobre la reactivaci\u00f3n econ\u00f3mica de los estados; generar un fondo de estabilizaci\u00f3n en caso de que no se alcance la meta de la Recaudaci\u00f3n Federal Participable, usando remanentes de operaci\u00f3n del Banco de M\u00e9xico, o subejercicios del PEF 2020 y 2021 y, crear el Fondo para atenci\u00f3n de emergencia sanitaria Covid-19 en entidades federativas para compensar el impacto que los gastos por Covid-19 tuvieron en las finanzas estatales en 2020 y que la pandemia seguir\u00e1 teniendo en 2021. Desafortunadamente, ya se puede esperar la respuesta que dar\u00e1 L\u00f3pez Obrador.<\/p>\n<p>*** No ha dejado de causar una serie de reacciones adversas el discurso que pronunciara el flamante gobernador de Morelos, <strong>Cuauht\u00e9moc Blanco<\/strong>, durante una visita que hiciera el Presidente. Lleno de errores de todo tipo, el mandatario estatal demostr\u00f3 que como pol\u00edtico, fue muy buen futbolista, ya que tiene una ignorancia supina y no sabe ni leer. Algunos de los errores en este tan desafortunado discurso fueron \u201caqu\u00ed, en este incre\u00edble recintre\u201d, \u201clo reciben una mes vas\u201d, \u201ces usted vienido\u201d y al hacer referencia a la oposici\u00f3n dijo que tienen como objetivo, \u201cestabilizar a su gobierno\u201d. Ahora s\u00ed que ni el aplauso se gan\u00f3 el gobernador. Bueno, hasta a su hija le da pena tener un pap\u00e1 as\u00ed.<\/p>\n<p><u><a href=\"mailto:morcora@gmail.com\" target=\"_blank\" rel=\"noopener noreferrer\"><em>morcora@gmail.com<\/em><\/a><\/u><\/p>\n","protected":false},"excerpt":{"rendered":"<p><span style=\"color: #005497;\"><strong>Adriana Moreno Cordero<\/strong><\/span><\/p>\n","protected":false},"author":3,"featured_media":0,"comment_status":"open","ping_status":"open","sticky":false,"template":"","format":"standard","meta":{"_monsterinsights_skip_tracking":false,"_monsterinsights_sitenote_active":false,"_monsterinsights_sitenote_note":"","_monsterinsights_sitenote_category":0,"footnotes":""},"categories":[69370],"tags":[69369,69368,43674],"class_list":["post-485173","post","type-post","status-publish","format-standard","hentry","category-adriana-moreno-cordero","tag-adriana-moreno-cordero","tag-la-retaguardia","tag-opinion"],"_links":{"self":[{"href":"https:\/\/www.diarioimagen.net\/index.php?rest_route=\/wp\/v2\/posts\/485173","targetHints":{"allow":["GET"]}}],"collection":[{"href":"https:\/\/www.diarioimagen.net\/index.php?rest_route=\/wp\/v2\/posts"}],"about":[{"href":"https:\/\/www.diarioimagen.net\/index.php?rest_route=\/wp\/v2\/types\/post"}],"author":[{"embeddable":true,"href":"https:\/\/www.diarioimagen.net\/index.php?rest_route=\/wp\/v2\/users\/3"}],"replies":[{"embeddable":true,"href":"https:\/\/www.diarioimagen.net\/index.php?rest_route=%2Fwp%2Fv2%2Fcomments&post=485173"}],"version-history":[{"count":0,"href":"https:\/\/www.diarioimagen.net\/index.php?rest_route=\/wp\/v2\/posts\/485173\/revisions"}],"wp:attachment":[{"href":"https:\/\/www.diarioimagen.net\/index.php?rest_route=%2Fwp%2Fv2%2Fmedia&parent=485173"}],"wp:term":[{"taxonomy":"category","embeddable":true,"href":"https:\/\/www.diarioimagen.net\/index.php?rest_route=%2Fwp%2Fv2%2Fcategories&post=485173"},{"taxonomy":"post_tag","embeddable":true,"href":"https:\/\/www.diarioimagen.net\/index.php?rest_route=%2Fwp%2Fv2%2Ftags&post=485173"}],"curies":[{"name":"wp","href":"https:\/\/api.w.org\/{rel}","templated":true}]}}