{"id":485256,"date":"2020-11-04T00:01:30","date_gmt":"2020-11-04T06:01:30","guid":{"rendered":"https:\/\/www.diarioimagen.net\/?p=485256"},"modified":"2020-11-04T00:11:14","modified_gmt":"2020-11-04T06:11:14","slug":"reconocimiento-del-alcalde-de-huixquilucan-a-personal-de-organismo-de-agua-municipal","status":"publish","type":"post","link":"https:\/\/www.diarioimagen.net\/?p=485256","title":{"rendered":"Reconocimiento del alcalde de Huixquilucan a personal de Organismo de Agua, municipal\u00a0"},"content":{"rendered":"<p>&nbsp;<\/p>\n<ul>\n<li><em><b>Por su labor durante la reciente temporada de lluvias<\/b><\/em><\/li>\n<\/ul>\n<p>&nbsp;<\/p>\n<div id=\"attachment_485257\" style=\"width: 470px\" class=\"wp-caption aligncenter\"><img loading=\"lazy\" decoding=\"async\" aria-describedby=\"caption-attachment-485257\" class=\"size-full wp-image-485257\" src=\"https:\/\/www.diarioimagen.net\/wp-content\/uploads\/2020\/11\/CAMACHO4-bPOR.jpg\" alt=\"\" width=\"460\" height=\"270\" \/><p id=\"caption-attachment-485257\" class=\"wp-caption-text\">El alcalde Enrique Vargas del Villar se\u00f1al\u00f3 que se reforzaron las acciones preventivas desde e febrero con acciones de desazolve y limpieza de ductos y calles.<\/p><\/div>\n<p>&nbsp;<\/p>\n<p><strong>Huixquilucan, Estado de M\u00e9xico<\/strong>.- \u201cMi reconocimiento y felicitaci\u00f3n a cada una de las personas que laboran en el Organismo del Agua y que durante la reciente temporada de lluvias, su trabajo se vio reflejado en el saldo blanco que tuvimos\u201d, se\u00f1al\u00f3 el presidente municipal, Enrique Vargas del Villar.<\/p>\n<p>Ante integrantes del cuerpo edilicio, el edil coment\u00f3, que este a\u00f1o se requiri\u00f3 de toda la destreza y conocimiento de los servidores p\u00fablicos, debido a que por\u00a0 la pandemia por coronavirus se modificaron las formas de trabajar.<\/p>\n<p>Record\u00f3, que desde el inicio de su administraci\u00f3n se reforzaron las acciones preventivas para evitar inundaciones, comenzando desde el mes de febrero con acciones de desazolve y limpieza de ductos y calles.<\/p>\n<p>En este sentido, el director del Sistema p\u00fablico descentralizado Sistema Aguas de Huixquilucan, V\u00edctor B\u00e1ez Melo, inform\u00f3 que durante la temporada de lluvias se implementaron turnos de 24 horas los 7 d\u00edas de la semana, lo que deriv\u00f3 en que se atendiera de manera inmediata cualquier reporte de la ciudadan\u00eda.<\/p>\n<p>Precis\u00f3, que se tuvo saldo blanco en el territorio municipal y agradeci\u00f3 al personal por su entrega y dedicaci\u00f3n en salvaguardar a la poblaci\u00f3n.<\/p>\n","protected":false},"excerpt":{"rendered":"<p>\u201cMi reconocimiento y felicitaci\u00f3n a cada una de las personas que laboran en el Organismo del Agua y que durante la reciente temporada de lluvias, su trabajo se vio reflejado en el saldo blanco que tuvimos\u201d, se\u00f1al\u00f3 el presidente municipal, Enrique Vargas del Villar.<\/p>\n","protected":false},"author":1,"featured_media":485257,"comment_status":"open","ping_status":"open","sticky":false,"template":"","format":"standard","meta":{"_monsterinsights_skip_tracking":false,"_monsterinsights_sitenote_active":false,"_monsterinsights_sitenote_note":"","_monsterinsights_sitenote_category":0,"footnotes":""},"categories":[5],"tags":[43675,1097],"class_list":["post-485256","post","type-post","status-publish","format-standard","has-post-thumbnail","hentry","category-estado-de-mexico","tag-estado-de-mexico","tag-huixquilucan"],"_links":{"self":[{"href":"https:\/\/www.diarioimagen.net\/index.php?rest_route=\/wp\/v2\/posts\/485256","targetHints":{"allow":["GET"]}}],"collection":[{"href":"https:\/\/www.diarioimagen.net\/index.php?rest_route=\/wp\/v2\/posts"}],"about":[{"href":"https:\/\/www.diarioimagen.net\/index.php?rest_route=\/wp\/v2\/types\/post"}],"author":[{"embeddable":true,"href":"https:\/\/www.diarioimagen.net\/index.php?rest_route=\/wp\/v2\/users\/1"}],"replies":[{"embeddable":true,"href":"https:\/\/www.diarioimagen.net\/index.php?rest_route=%2Fwp%2Fv2%2Fcomments&post=485256"}],"version-history":[{"count":0,"href":"https:\/\/www.diarioimagen.net\/index.php?rest_route=\/wp\/v2\/posts\/485256\/revisions"}],"wp:featuredmedia":[{"embeddable":true,"href":"https:\/\/www.diarioimagen.net\/index.php?rest_route=\/wp\/v2\/media\/485257"}],"wp:attachment":[{"href":"https:\/\/www.diarioimagen.net\/index.php?rest_route=%2Fwp%2Fv2%2Fmedia&parent=485256"}],"wp:term":[{"taxonomy":"category","embeddable":true,"href":"https:\/\/www.diarioimagen.net\/index.php?rest_route=%2Fwp%2Fv2%2Fcategories&post=485256"},{"taxonomy":"post_tag","embeddable":true,"href":"https:\/\/www.diarioimagen.net\/index.php?rest_route=%2Fwp%2Fv2%2Ftags&post=485256"}],"curies":[{"name":"wp","href":"https:\/\/api.w.org\/{rel}","templated":true}]}}