{"id":485259,"date":"2020-11-04T00:04:55","date_gmt":"2020-11-04T06:04:55","guid":{"rendered":"https:\/\/www.diarioimagen.net\/?p=485259"},"modified":"2020-11-04T03:22:50","modified_gmt":"2020-11-04T09:22:50","slug":"reportan-saldo-blanco-en-tlalnepantla-por-las-festividades-en-dia-de-muertos","status":"publish","type":"post","link":"https:\/\/www.diarioimagen.net\/?p=485259","title":{"rendered":"Reportan saldo blanco en Tlalnepantla\u00a0por las festividades en D\u00eda de Muertos"},"content":{"rendered":"<p>&nbsp;<\/p>\n<ul>\n<li><em><b>Se evitaron aglomeraciones en panteones<\/b><\/em><\/li>\n<\/ul>\n<p>&nbsp;<\/p>\n<div id=\"attachment_485260\" style=\"width: 470px\" class=\"wp-caption aligncenter\"><img loading=\"lazy\" decoding=\"async\" aria-describedby=\"caption-attachment-485260\" class=\"wp-image-485260 size-full\" src=\"https:\/\/www.diarioimagen.net\/wp-content\/uploads\/2020\/11\/CAMACHO4-aPOR.jpg\" alt=\"\" width=\"460\" height=\"270\" \/><p id=\"caption-attachment-485260\" class=\"wp-caption-text\">El gobierno puso en marcha el operativo Mictl\u00e1n para evitar aglomeraciones en los panteones de la demarcaci\u00f3n.<\/p><\/div>\n<p>&nbsp;<\/p>\n<p><strong>Tlalnepantla, Estado de M\u00e9xico<\/strong>.- La Comisar\u00eda General de Seguridad P\u00fablica (CGSP) de Tlalnepantla inform\u00f3 que no se registr\u00f3 alg\u00fan incidente relacionado con las celebraciones del D\u00eda de Muertos, en las que se puso en marcha el operativo Mictl\u00e1n para evitar aglomeraciones en los panteones de la demarcaci\u00f3n.<span class=\"Apple-converted-space\">\u00a0<\/span><\/p>\n<p>La CGSP inform\u00f3 que la ciudadan\u00eda fue respetuosa de la disposici\u00f3n del gobierno de Tlalnepantla de mantener cerrado a visitas los 17 panteones municipales y uno privado, para evitar concentraciones de personas y conservar la sana distancia, con el objetivo de contener la propagaci\u00f3n de Covid-19.<span class=\"Apple-converted-space\">\u00a0<\/span><\/p>\n<p>Participaron elementos de las Subdirecciones de Seguridad P\u00fablica, Tr\u00e1nsito y Vialidad, Coordinaci\u00f3n de Grupos T\u00e1cticos, Unidad Especializada de Violencia Familiar y de G\u00e9nero, con el apoyo de la Polic\u00eda Estatal y Guardia Nacional.<\/p>\n","protected":false},"excerpt":{"rendered":"<p>a Comisar\u00eda General de Seguridad P\u00fablica (CGSP) de Tlalnepantla inform\u00f3 que no se registr\u00f3 alg\u00fan incidente relacionado con las celebraciones del D\u00eda de Muertos, en las que se puso en marcha el operativo Mictl\u00e1n para evitar aglomeraciones en los panteones de la demarcaci\u00f3n.\u00a0<\/p>\n","protected":false},"author":1,"featured_media":485260,"comment_status":"open","ping_status":"open","sticky":false,"template":"","format":"standard","meta":{"_monsterinsights_skip_tracking":false,"_monsterinsights_sitenote_active":false,"_monsterinsights_sitenote_note":"","_monsterinsights_sitenote_category":0,"footnotes":""},"categories":[5],"tags":[12303,43675,169],"class_list":["post-485259","post","type-post","status-publish","format-standard","has-post-thumbnail","hentry","category-estado-de-mexico","tag-dia-de-muertos","tag-estado-de-mexico","tag-tlalnepantla"],"_links":{"self":[{"href":"https:\/\/www.diarioimagen.net\/index.php?rest_route=\/wp\/v2\/posts\/485259","targetHints":{"allow":["GET"]}}],"collection":[{"href":"https:\/\/www.diarioimagen.net\/index.php?rest_route=\/wp\/v2\/posts"}],"about":[{"href":"https:\/\/www.diarioimagen.net\/index.php?rest_route=\/wp\/v2\/types\/post"}],"author":[{"embeddable":true,"href":"https:\/\/www.diarioimagen.net\/index.php?rest_route=\/wp\/v2\/users\/1"}],"replies":[{"embeddable":true,"href":"https:\/\/www.diarioimagen.net\/index.php?rest_route=%2Fwp%2Fv2%2Fcomments&post=485259"}],"version-history":[{"count":0,"href":"https:\/\/www.diarioimagen.net\/index.php?rest_route=\/wp\/v2\/posts\/485259\/revisions"}],"wp:featuredmedia":[{"embeddable":true,"href":"https:\/\/www.diarioimagen.net\/index.php?rest_route=\/wp\/v2\/media\/485260"}],"wp:attachment":[{"href":"https:\/\/www.diarioimagen.net\/index.php?rest_route=%2Fwp%2Fv2%2Fmedia&parent=485259"}],"wp:term":[{"taxonomy":"category","embeddable":true,"href":"https:\/\/www.diarioimagen.net\/index.php?rest_route=%2Fwp%2Fv2%2Fcategories&post=485259"},{"taxonomy":"post_tag","embeddable":true,"href":"https:\/\/www.diarioimagen.net\/index.php?rest_route=%2Fwp%2Fv2%2Ftags&post=485259"}],"curies":[{"name":"wp","href":"https:\/\/api.w.org\/{rel}","templated":true}]}}