{"id":485398,"date":"2020-11-05T00:01:22","date_gmt":"2020-11-05T06:01:22","guid":{"rendered":"https:\/\/www.diarioimagen.net\/?p=485398"},"modified":"2020-11-04T23:56:14","modified_gmt":"2020-11-05T05:56:14","slug":"rinden-homenaje-a-tony-urban-en-tultepec-con-exposicion-plastica-colectiva","status":"publish","type":"post","link":"https:\/\/www.diarioimagen.net\/?p=485398","title":{"rendered":"Rinden homenaje a Tony Urb\u00e1n enTultepec\u00a0con exposici\u00f3n\u00a0pl\u00e1stica colectiva\u00a0"},"content":{"rendered":"<p>&nbsp;<\/p>\n<p><img loading=\"lazy\" decoding=\"async\" class=\"aligncenter size-full wp-image-485399\" src=\"https:\/\/www.diarioimagen.net\/wp-content\/uploads\/2020\/11\/CAMACHO5-dPOR.jpg\" alt=\"\" width=\"460\" height=\"270\" \/><\/p>\n<p>&nbsp;<\/p>\n<p><strong>Tultepec, Estado de M\u00e9xico<\/strong>.<b>&#8211; <\/b>Al inaugurar la exposici\u00f3n pl\u00e1stica colectiva Homenaje a Tony Urb\u00e1n, el alcalde Marco Antonio Cruz Cruz agradeci\u00f3 al Grupo Pl\u00e1stica de Tultepec, por \u201ceste merecido reconocimiento a quien fuera presidente de este municipio en el periodo 1985-1987, quien adem\u00e1s fue un distinguido impulsor del arte, la cultura y las tradiciones locales dentro y fuera de nuestras fronteras\u201d.<\/p>\n<p>Acompa\u00f1ado por Mar\u00eda F\u00e9lix Espinosa Hern\u00e1ndez, presidenta del DIF Municipal e integrantes del Cabildo, el edil refrend\u00f3 el compromiso del gobierno que encabeza para continuar impulsando el talento y la creatividad de los artistas locales, que distinguen y dan renombre a Tultepec.<\/p>\n","protected":false},"excerpt":{"rendered":"<p>Al inaugurar la exposici\u00f3n pl\u00e1stica colectiva Homenaje a Tony Urb\u00e1n, el alcalde Marco Antonio Cruz Cruz agradeci\u00f3 al Grupo Pl\u00e1stica de Tultepec, por \u201ceste merecido reconocimiento a quien fuera presidente de este municipio en el periodo 1985-1987, quien adem\u00e1s fue un distinguido impulsor del arte, la cultura y las tradiciones locales dentro y fuera de nuestras fronteras\u201d.<\/p>\n","protected":false},"author":1,"featured_media":485399,"comment_status":"open","ping_status":"open","sticky":false,"template":"","format":"standard","meta":{"_monsterinsights_skip_tracking":false,"_monsterinsights_sitenote_active":false,"_monsterinsights_sitenote_note":"","_monsterinsights_sitenote_category":0,"footnotes":""},"categories":[5],"tags":[43675,91842,3802],"class_list":["post-485398","post","type-post","status-publish","format-standard","has-post-thumbnail","hentry","category-estado-de-mexico","tag-estado-de-mexico","tag-tony-urban","tag-tultepec"],"_links":{"self":[{"href":"https:\/\/www.diarioimagen.net\/index.php?rest_route=\/wp\/v2\/posts\/485398","targetHints":{"allow":["GET"]}}],"collection":[{"href":"https:\/\/www.diarioimagen.net\/index.php?rest_route=\/wp\/v2\/posts"}],"about":[{"href":"https:\/\/www.diarioimagen.net\/index.php?rest_route=\/wp\/v2\/types\/post"}],"author":[{"embeddable":true,"href":"https:\/\/www.diarioimagen.net\/index.php?rest_route=\/wp\/v2\/users\/1"}],"replies":[{"embeddable":true,"href":"https:\/\/www.diarioimagen.net\/index.php?rest_route=%2Fwp%2Fv2%2Fcomments&post=485398"}],"version-history":[{"count":0,"href":"https:\/\/www.diarioimagen.net\/index.php?rest_route=\/wp\/v2\/posts\/485398\/revisions"}],"wp:featuredmedia":[{"embeddable":true,"href":"https:\/\/www.diarioimagen.net\/index.php?rest_route=\/wp\/v2\/media\/485399"}],"wp:attachment":[{"href":"https:\/\/www.diarioimagen.net\/index.php?rest_route=%2Fwp%2Fv2%2Fmedia&parent=485398"}],"wp:term":[{"taxonomy":"category","embeddable":true,"href":"https:\/\/www.diarioimagen.net\/index.php?rest_route=%2Fwp%2Fv2%2Fcategories&post=485398"},{"taxonomy":"post_tag","embeddable":true,"href":"https:\/\/www.diarioimagen.net\/index.php?rest_route=%2Fwp%2Fv2%2Ftags&post=485398"}],"curies":[{"name":"wp","href":"https:\/\/api.w.org\/{rel}","templated":true}]}}