{"id":485408,"date":"2020-11-05T00:04:05","date_gmt":"2020-11-05T06:04:05","guid":{"rendered":"https:\/\/www.diarioimagen.net\/?p=485408"},"modified":"2020-11-05T00:09:02","modified_gmt":"2020-11-05T06:09:02","slug":"acerca-gobierno-de-naucalpan-servicios-a-vecinos-de-san-antonio-zomeyucan","status":"publish","type":"post","link":"https:\/\/www.diarioimagen.net\/?p=485408","title":{"rendered":"Acerca gobierno de Naucalpan servicios a vecinos de San Antonio Zomeyucan"},"content":{"rendered":"<p>&nbsp;<\/p>\n<ul>\n<li><strong><em><span class=\"Apple-converted-space\">\u00a0<\/span>Participaron alrededor de 10 dependencias<\/em><\/strong><\/li>\n<\/ul>\n<p>&nbsp;<\/p>\n<div id=\"attachment_485409\" style=\"width: 470px\" class=\"wp-caption aligncenter\"><img loading=\"lazy\" decoding=\"async\" aria-describedby=\"caption-attachment-485409\" class=\"size-full wp-image-485409\" src=\"https:\/\/www.diarioimagen.net\/wp-content\/uploads\/2020\/11\/CAMACHO5-aPOR.jpg\" alt=\"\" width=\"460\" height=\"270\" \/><p id=\"caption-attachment-485409\" class=\"wp-caption-text\">Se llev\u00f3 a cabo la jornada de servicios Caravanas que Construyen Confianza a la comunidad de San Antonio Zomeyucan, donde participaron 10 dependencias.<\/p><\/div>\n<p>&nbsp;<\/p>\n<p><strong>Naucalpan, Estado de M\u00e9xico<\/strong>.- La Secretar\u00eda del Ayuntamiento llev\u00f3 la jornada de servicios Caravanas que Construyen Confianza a la comunidad de San Antonio Zomeyucan, donde participaron alrededor de 10 dependencias del gobierno de Naucalpan.<\/p>\n<p>En el evento se brindaron 16 servicios, entre m\u00e9dicos, jur\u00eddicos y asistenciales, adem\u00e1s de entregar 175 canastas alimentarias y cobijas a vecinos en situaci\u00f3n de vulnerabilidad que se han visto afectados por la pandemia de Covid-19.<\/p>\n<p>La Secretaria del Ayuntamiento, Claudia Oyoque Ortiz, inst\u00f3 a la ciudadan\u00eda a no bajar la guardia durante la pandemia y mantener las medidas preventivas para mitigar riesgos de contagios. Afirm\u00f3 que las Caravanas llegar\u00e1n a las comunidades cada semana, adem\u00e1s de otros programas municipales con los que se busca dar cobertura a la poblaci\u00f3n que m\u00e1s lo necesitan.<\/p>\n<p>\u201cLa Presidenta Municipal, Patricia Dur\u00e1n, nos instruy\u00f3 para que les acerc\u00e1ramos todos los servicios a ustedes, debido a la contingencia que ha afectado a todas las comunidades.<\/p>\n<p>\u201cEstas caravanas son solo el inicio de los programas que llevaremos a otras colonias, como el programa de bacheo intensivo por parte de la Secretar\u00eda de Servicios P\u00fablicos\u201d, se\u00f1al\u00f3 Oyoque.<\/p>\n<p>El director del Centro Especializado de Salud Visual del Estado de M\u00e9xico, Arturo Castilleja Quiles, se\u00f1al\u00f3 que se trabaja de forma coordinada con el Gobierno municipal para otorgar ayuda a bajo costo a quienes no son derechohabientes de alg\u00fan instituto de seguridad social, ya que en el Estado de M\u00e9xico existen cerca de 4 millones de personas con baja visual debido a enfermedades cr\u00f3nico degenerativas.<\/p>\n<p>\u201cEstamos dando el apoyo a todo el Municipio de Naucalpan de nuestro servicio oftalmol\u00f3gico. Hoy venimos para apoyar a la poblaci\u00f3n que no cuenta con los recursos.<\/p>\n<p>\u201cInsto a la ciudadan\u00eda a que hagan un chequeo rutinario de sus ojos al menos una vez al a\u00f1o. Desgraciadamente las enfermedades cr\u00f3nico degenerativas, como la hipertensi\u00f3n y la diabetes, generan baja visual y a veces se atienden muy tarde, dando como resultado m\u00e1s de 4 millones de personas con baja visual en todo el Estado de M\u00e9xico\u201d, dijo.<\/p>\n<p>En el evento tambi\u00e9n estuvieron presentes Carlos Trujillo Anell, Secretario de Servicios P\u00fablicos; el Coordinador de Protecci\u00f3n Civil y Bomberos, Carlos Alejandro S\u00e1nchez; la encargada de despacho del Instituto Municipal de Atenci\u00f3n a la Salud (IMAS), Rosalba Gualito Casta\u00f1eda; la Oficial N\u00famero 2 del Registro Civil de Ciudad Sat\u00e9lite, Ivett Lilith Carvallo Delfin; y autoridades auxiliares de San Antonio Zomeyucan.<\/p>\n","protected":false},"excerpt":{"rendered":"<p>La Secretar\u00eda del Ayuntamiento llev\u00f3 la jornada de servicios Caravanas que Construyen Confianza a la comunidad de San Antonio Zomeyucan, donde participaron alrededor de 10 dependencias del gobierno de Naucalpan.<\/p>\n","protected":false},"author":1,"featured_media":485409,"comment_status":"open","ping_status":"open","sticky":false,"template":"","format":"standard","meta":{"_monsterinsights_skip_tracking":false,"_monsterinsights_sitenote_active":false,"_monsterinsights_sitenote_note":"","_monsterinsights_sitenote_category":0,"footnotes":""},"categories":[5],"tags":[43675,970,90986],"class_list":["post-485408","post","type-post","status-publish","format-standard","has-post-thumbnail","hentry","category-estado-de-mexico","tag-estado-de-mexico","tag-naucalpan","tag-san-antonio-zomeyucan"],"_links":{"self":[{"href":"https:\/\/www.diarioimagen.net\/index.php?rest_route=\/wp\/v2\/posts\/485408","targetHints":{"allow":["GET"]}}],"collection":[{"href":"https:\/\/www.diarioimagen.net\/index.php?rest_route=\/wp\/v2\/posts"}],"about":[{"href":"https:\/\/www.diarioimagen.net\/index.php?rest_route=\/wp\/v2\/types\/post"}],"author":[{"embeddable":true,"href":"https:\/\/www.diarioimagen.net\/index.php?rest_route=\/wp\/v2\/users\/1"}],"replies":[{"embeddable":true,"href":"https:\/\/www.diarioimagen.net\/index.php?rest_route=%2Fwp%2Fv2%2Fcomments&post=485408"}],"version-history":[{"count":0,"href":"https:\/\/www.diarioimagen.net\/index.php?rest_route=\/wp\/v2\/posts\/485408\/revisions"}],"wp:featuredmedia":[{"embeddable":true,"href":"https:\/\/www.diarioimagen.net\/index.php?rest_route=\/wp\/v2\/media\/485409"}],"wp:attachment":[{"href":"https:\/\/www.diarioimagen.net\/index.php?rest_route=%2Fwp%2Fv2%2Fmedia&parent=485408"}],"wp:term":[{"taxonomy":"category","embeddable":true,"href":"https:\/\/www.diarioimagen.net\/index.php?rest_route=%2Fwp%2Fv2%2Fcategories&post=485408"},{"taxonomy":"post_tag","embeddable":true,"href":"https:\/\/www.diarioimagen.net\/index.php?rest_route=%2Fwp%2Fv2%2Ftags&post=485408"}],"curies":[{"name":"wp","href":"https:\/\/api.w.org\/{rel}","templated":true}]}}