{"id":485494,"date":"2020-11-05T00:05:31","date_gmt":"2020-11-05T06:05:31","guid":{"rendered":"https:\/\/www.diarioimagen.net\/?p=485494"},"modified":"2020-11-05T23:35:12","modified_gmt":"2020-11-06T05:35:12","slug":"gracias-a-tecnologia-tenancingo-de-uaem-celebro-dia-de-muertos","status":"publish","type":"post","link":"https:\/\/www.diarioimagen.net\/?p=485494","title":{"rendered":"Gracias a tecnolog\u00eda, Tenancingo de UAEM celebr\u00f3 D\u00eda de Muertos"},"content":{"rendered":"<p>&nbsp;<\/p>\n<ul>\n<li><strong><em>En la modalidad virtual se realiz\u00f3 la sexta edici\u00f3n del tradicional Festival \u201cEl muerto al pozo y el vivo al gozo\u201d<\/em><\/strong><\/li>\n<\/ul>\n<p><strong>\u00a0<\/strong><\/p>\n<div id=\"attachment_485546\" style=\"width: 470px\" class=\"wp-caption aligncenter\"><a href=\"https:\/\/www.diarioimagen.net\/?attachment_id=485546\" rel=\"attachment wp-att-485546\"><img loading=\"lazy\" decoding=\"async\" aria-describedby=\"caption-attachment-485546\" class=\"size-full wp-image-485546\" src=\"https:\/\/www.diarioimagen.net\/wp-content\/uploads\/2020\/11\/Uaem.jpg\" alt=\"\" width=\"460\" height=\"270\" \/><\/a><p id=\"caption-attachment-485546\" class=\"wp-caption-text\">Ofrenda monumental en el Centro Universitario UAEM Tenancingo.<\/p><\/div>\n<p>&nbsp;<\/p>\n<p><strong>Tenancingo, Estado de M\u00e9xico.\u2013 <\/strong>Con la finalidad de preservar y difundir la tradicional celebraci\u00f3n del D\u00eda de Muertos, la comunidad del Centro Universitario Tenancingo de la Universidad Aut\u00f3noma del Estado de M\u00e9xico llev\u00f3 a cabo diversas actividades virtuales.<\/p>\n<p>La coordinadora de Difusi\u00f3n Cultural de este espacio universitario, Alejandra Patricia Ceballos Mej\u00eda, detall\u00f3 que en la modalidad virtual se realiz\u00f3 la sexta edici\u00f3n del tradicional Festival \u201cEl muerto al pozo y el vivo al gozo\u201d.\u00a0\u00a0 Se\u00f1al\u00f3 que estudiantes de los diversos semestres participaron en los concursos virtuales de calaveritas literarias y catrinas vivientes; adem\u00e1s, para esta edici\u00f3n se implement\u00f3 un certamen de ofrendas.<\/p>\n<p>Asimismo, como parte del Festival, a trav\u00e9s de redes sociales, estudiantes de la Licenciatura en Gastronom\u00eda prepararon platillos como tamales de ceniza, dulce de tacha y el tradicional pan de muerto.<\/p>\n<p>\u201cCada a\u00f1o realizamos estas actividades; sin embargo, en esta ocasi\u00f3n, a consecuencia de la situaci\u00f3n sanitaria, nos apoyamos en las tecnolog\u00edas y no dejamos pasar la celebraci\u00f3n. Mediante una convocatoria solicitamos los videos de quienes participaron en los diversos concursos y tuvimos una excelente respuesta\u201d.<\/p>\n<p>Indic\u00f3 que los videos se subieron a las redes sociales del Centro Universitario UAEM Tenancingo y se organiz\u00f3 la colocaci\u00f3n de la ofrenda monumental en uno de los jardines del campus.<\/p>\n<p>\u201cDedicamos la ofrenda a nuestra compa\u00f1era Marisol Orozco, quien fuera maestra de la Licenciatura en Gastronom\u00eda, impuls\u00f3 el festival y lamentablemente falleci\u00f3 este a\u00f1o\u201d.<\/p>\n<p>Alejandra Patricia Ceballos Mej\u00eda invit\u00f3 a los universitarios y la sociedad en general a visitar las redes sociales de este espacio acad\u00e9mico de la UAEM y seguir disfrutando de esta tradici\u00f3n mexicana.<\/p>\n","protected":false},"excerpt":{"rendered":"<p>Con la finalidad de preservar y difundir la tradicional celebraci\u00f3n del D\u00eda de Muertos, la comunidad del Centro Universitario Tenancingo de la Universidad Aut\u00f3noma del Estado de M\u00e9xico llev\u00f3 a cabo diversas actividades virtuales.\u00a0<\/p>\n","protected":false},"author":3,"featured_media":485546,"comment_status":"open","ping_status":"open","sticky":false,"template":"","format":"standard","meta":{"_monsterinsights_skip_tracking":false,"_monsterinsights_sitenote_active":false,"_monsterinsights_sitenote_note":"","_monsterinsights_sitenote_category":0,"footnotes":""},"categories":[5],"tags":[24273,12303,43675,2135,14859,1491],"class_list":["post-485494","post","type-post","status-publish","format-standard","has-post-thumbnail","hentry","category-estado-de-mexico","tag-celebracion","tag-dia-de-muertos","tag-estado-de-mexico","tag-muertos","tag-tenancingo","tag-uaem"],"_links":{"self":[{"href":"https:\/\/www.diarioimagen.net\/index.php?rest_route=\/wp\/v2\/posts\/485494","targetHints":{"allow":["GET"]}}],"collection":[{"href":"https:\/\/www.diarioimagen.net\/index.php?rest_route=\/wp\/v2\/posts"}],"about":[{"href":"https:\/\/www.diarioimagen.net\/index.php?rest_route=\/wp\/v2\/types\/post"}],"author":[{"embeddable":true,"href":"https:\/\/www.diarioimagen.net\/index.php?rest_route=\/wp\/v2\/users\/3"}],"replies":[{"embeddable":true,"href":"https:\/\/www.diarioimagen.net\/index.php?rest_route=%2Fwp%2Fv2%2Fcomments&post=485494"}],"version-history":[{"count":0,"href":"https:\/\/www.diarioimagen.net\/index.php?rest_route=\/wp\/v2\/posts\/485494\/revisions"}],"wp:featuredmedia":[{"embeddable":true,"href":"https:\/\/www.diarioimagen.net\/index.php?rest_route=\/wp\/v2\/media\/485546"}],"wp:attachment":[{"href":"https:\/\/www.diarioimagen.net\/index.php?rest_route=%2Fwp%2Fv2%2Fmedia&parent=485494"}],"wp:term":[{"taxonomy":"category","embeddable":true,"href":"https:\/\/www.diarioimagen.net\/index.php?rest_route=%2Fwp%2Fv2%2Fcategories&post=485494"},{"taxonomy":"post_tag","embeddable":true,"href":"https:\/\/www.diarioimagen.net\/index.php?rest_route=%2Fwp%2Fv2%2Ftags&post=485494"}],"curies":[{"name":"wp","href":"https:\/\/api.w.org\/{rel}","templated":true}]}}