{"id":485528,"date":"2020-11-05T00:12:07","date_gmt":"2020-11-05T06:12:07","guid":{"rendered":"https:\/\/www.diarioimagen.net\/?p=485528"},"modified":"2020-11-05T01:34:07","modified_gmt":"2020-11-05T07:34:07","slug":"con-5-contagios-encima-senado-aprueba-sesiones-a-distancia","status":"publish","type":"post","link":"https:\/\/www.diarioimagen.net\/?p=485528","title":{"rendered":"Con 5 contagios encima, Senado aprueba sesiones a distancia"},"content":{"rendered":"<h2>Tras la puerta del poder<\/h2>\n<h5>Roberto Vizca\u00edno<\/h5>\n<p>&nbsp;<\/p>\n<p><strong>Ricardo Monreal<\/strong> lo ven\u00eda diciendo y pugnando por sesiones a distancia, mediante uso de herramientas digitales, y finalmente ayer, el resto de las bancadas, acept\u00f3 su propuesta para poder realizar sesiones a distancia.<\/p>\n<p>De aqu\u00ed a diciembre faltan al menos 10 plenos y mucho trabajo en comisiones para poder debatir y sacar adelante reformas como la ya muy pospuesta para el uso legal de la marihuana, o el paquete de Justicia que contempla cambios profundos en los organismos y sistemas de justicia en M\u00e9xico.<\/p>\n<p>Hoy, finalmente la incidencia en el \u00e1mbito legislativo de Covid-19 logr\u00f3 mover las reticencias y trabas de algunos coordinadores.<\/p>\n<p>La aceptaci\u00f3n del nuevo sistema de sesiones a distancia es, afirmaron, \u201cpor motivos de fuerza mayor originada por el Covid-19\u201d.<\/p>\n<p>As\u00ed, de aqu\u00ed a mediados de diciembre pr\u00f3ximo, veremos que los senadores trabajar\u00e1n de manera mixta, algunas sesiones y plenarias ser\u00e1n presenciales y otras virtuales.<\/p>\n<p>El acuerdo logrado ayer por el presidente de la Junta de Coordinaci\u00f3n Pol\u00edtica con los otros coordinadores establece que reformas constitucionales, reformas legales y puntos de vista fundamentales, requerir\u00e1n de la presencia en el Pleno de todos los senadores, en grupos de 10 a la hora de la votaci\u00f3n. El resto estar\u00e1 en sus oficinas para ser convocados.<\/p>\n<p>Habr\u00e1 igual la oportunidad de que voten desde sus oficinas o en bloques.<\/p>\n<p>Con el tema muy avanzado, los senadores hicieron una pausa en su sesi\u00f3n ordinaria para que sus coordinadores se concentraran en el sal\u00f3n de la Jucopo para discutir y aprobar finalmente la propuesta del senador Monreal.<\/p>\n<p>Bajo los principios de este acuerdo, los coordinadores y el zacatecano consideran que habr\u00e1 un importante avance de los trabajos y del temario de resto de las sesiones de este Periodo Ordinario, que ya no ser\u00edan presenciales, s\u00f3lo cuando se tenga que votar, nombramiento o reformas.<\/p>\n<p>Entre los pendientes de la c\u00e1mara alta en estos momentos, indic\u00f3 <strong>Monreal<\/strong>, est\u00e1n: la ley de cannabis, reforma en materia digital de la Auditor\u00eda Superior de la Federaci\u00f3n, paquete de Justicia\u2026<\/p>\n<p>Es muy probable que la pr\u00f3xima semana las sesiones se celebren de manera digital y probablemente hasta el 17, 18 de noviembre sea una presencial.<\/p>\n<p>En resumen, la din\u00e1mica ser\u00eda que 10 senadores votan mientras otros 10 bajan de sus oficinas y se acercan al sal\u00f3n de Plenos, mientras otros 10 regresan a sus oficinas. Una rotaci\u00f3n necesaria.<\/p>\n<p>Bajo este esquema se espera que en el Pleno no haya al mismo tiempo m\u00e1s de 30 personas, 40 a lo mucho.<\/p>\n<p>Para las comparecencias pendientes por la Glosa del Segundo Informe, la propuesta es que se celebren de manera digital.<\/p>\n<p>As\u00ed es que el Senado reforzar\u00e1 y profundizar\u00e1, hacia el final del periodo ordinario de sesiones, las medidas sanitarias, sin descuidar sus funciones.<\/p>\n<p>M\u00e1s a menos la misma din\u00e1mica prevalecer\u00e1 en las sesiones de comisiones.<\/p>\n<p style=\"text-align: center;\"><strong>Senado prepara la Convenci\u00f3n Nacional Hacendaria<\/strong><\/p>\n<p>Dentro de una respuesta institucional a los reclamos de los 10 gobernadores de la Alianza Federalista, que exigen revisar y reformar el Pacto Fiscal, la Comisi\u00f3n de Federalismo de la C\u00e1mara alta adelant\u00f3 ayer que prepara un proyecto de reformas para dar respuesta a los reclamos fiscales de los gobernadores.<\/p>\n<p>Colateralmente se trabaja en un di\u00e1logo con gobernadores y especialistas a fin de buscar reforzar el federalismo mexicano.<\/p>\n<p>El emecista neolon\u00e9s Samuel Garc\u00eda, presidente de la Comisi\u00f3n de Federalismo y Desarrollo Municipal, proyecta la realizaci\u00f3n de mesas de di\u00e1logo con mandatarios estatales y otros interesados, para ir a una Convenci\u00f3n Nacional Hacendaria que necesariamente modificar\u00e1 el convenio fiscal, indic\u00f3.<\/p>\n<p>El legislador asegur\u00f3 que llegar a acuerdos en estos foros, que prev\u00e9 se realicen por videoconferencias debido al rebrote de la pandemia, tambi\u00e9n servir\u00e1 para evitar una crisis pol\u00edtica ante el riesgo de la salida del convenio por parte de los gobernadores de la Alianza Federalista.<\/p>\n<p>\u201cEl tema ya est\u00e1 en la agenda y si somos el \u00f3rgano t\u00e9cnico que la va a llevar a cabo o al menos representar al Senado, queremos preparar que haya toda una estructura, un andamiaje, para que se lleve a cabo esta nueva convenci\u00f3n hacendaria, en la que se debata se discuta ingreso, gasto, distribuci\u00f3n, deuda, modernizaci\u00f3n, reforma fiscal, transparencia y obviamente patrimonio.<\/p>\n<p>\u201cCreemos que a nadie le conviene que los 10 gobernadores se salgan del convenio, puede provocar una crisis pol\u00edtica, pero tambi\u00e9n reconocemos que hay estados, al menos 18, que no reciben ni la mitad de lo que ponen, los m\u00e1s agraviados son los de la Alianza Federalista, Coahuila, Tamaulipas, Jalisco, no reciben ni el 30 por ciento y el caso que m\u00e1s me duele es Nuevo Le\u00f3n\u201d, dijo.<\/p>\n<p>Las reuniones se llevar\u00e1n a cabo a partir de noviembre con especialistas y se invitar\u00e1 a todos los gobernadores, no s\u00f3lo a los miembros de la Alianza Federalista, porque se prev\u00e9 la convocatoria de una nueva convenci\u00f3n hacendaria en 2021 despu\u00e9s de la elecci\u00f3n.<\/p>\n<p>Adem\u00e1s, durante la sesi\u00f3n de la Comisi\u00f3n de Federalismo y Desarrollo Municipal, el legislador anunci\u00f3 una reuni\u00f3n con Mariana Campos, de M\u00e9xico Eval\u00faa, quien impartir\u00e1 una ponencia sobre el federalismo mexicano.<\/p>\n<p>\u201cHoy le planteo a la comisi\u00f3n que empezaremos la ruta y tambi\u00e9n tendremos reuniones presentaciones y pl\u00e1ticas virtuales con expertos para al menos tener un diagn\u00f3stico claro de c\u00f3mo pinta 2021 y c\u00f3mo podamos tener una nueva convenci\u00f3n hacendaria\u201d, concluy\u00f3.<\/p>\n<p style=\"text-align: center;\"><strong>La inteligencia artificial en inmuebles<\/strong><\/p>\n<p>Y como no todo en la vida es pol\u00edtica ni pandemia, <strong>Johnson Controls<\/strong>, l\u00edder global en inmuebles inteligentes y sostenibles, nos informa que ha lanzado la herramienta OpenBlue, que representa un conjunto soluciones y servicios conectados para edificios de habitaci\u00f3n o trabajo.<\/p>\n<p>Esta plataforma digital abierta, indica, al integrarse con los sistemas principales de edificios de Johnson Controls y gracias a las optimizaciones hechas por los socios tecnol\u00f3gicos del Ranking Mundial Fortune 100, hacen que los espacios compartidos sean m\u00e1s seguros, \u00e1giles y sostenibles.<\/p>\n<p>OpenBlue, aseguran, es la culminaci\u00f3n de a\u00f1os de investigaci\u00f3n y desarrollo por parte de ingenieros y cient\u00edficos de datos, l\u00edderes de la aplicaci\u00f3n de sistemas inteligentes dentro de inmuebles de todo tipo para crear espacios protegidos a trav\u00e9s de tecnolog\u00edas de punta.<\/p>\n<p>En este esquema, la conectividad es fundamental para lograr este objetivo, afirma <strong>Johnson Controls<\/strong>:<\/p>\n<p>\u00ac Los sistemas de los edificios deben trabajar en forma simult\u00e1nea y comunicarse para ser efectivos. <strong>OpenBlue<\/strong> se dise\u00f1\u00f3 teniendo en cuenta la agilidad, la flexibilidad y la extensibilidad para permitir que los edificios se conviertan en espacios din\u00e1micos.<\/p>\n<p>\u00ac Al aprovechar la plataforma OpenBlue, los edificios se convierten en instrumentos con memoria, inteligencia e identidad \u00fanica.<\/p>\n<p>\u00ac La plataforma une el conjunto de soluciones y servicios de OpenBlue con inteligencia artificial (IA) galardonada, combinando datos tanto del interior como del exterior de los edificios.<\/p>\n<p>\u201cLa forma en que interactuamos con nuestros entornos, de c\u00f3mo operan los edificios y sus entornos para la seguridad y la sostenibilidad, es de suma importancia en todas partes y ahora m\u00e1s que nunca\u201d, indic\u00f3 <strong>George Oliver<\/strong>, l\u00edder de Johnson Controls.<\/p>\n<p><em><a href=\"mailto:rvizcainoa@gmail.com\" target=\"_blank\" rel=\"noopener noreferrer\">rvizcainoa@gmail.com<\/a><br \/>\n<u><a href=\"http:\/\/endirecto.mx\" target=\"_blank\" rel=\"noopener noreferrer\">www.endirecto.mx<\/a><br \/>\n<a href=\"https:\/\/twitter.com\/_rvizcaino\" target=\"_blank\" rel=\"noopener noreferrer\">@_RVizcaino<\/a><br \/>\n<a href=\"https:\/\/www.facebook.com\/rvizcainoa\" target=\"_blank\" rel=\"noopener noreferrer\">facebook.com\/rvizcainoa<\/a><\/u><\/em><\/p>\n","protected":false},"excerpt":{"rendered":"<p><span style=\"color: #005497;\"><strong>Roberto Vizca\u00edno<\/strong><\/span><br \/>\n<br \/>\n<strong>Ricardo Monreal<\/strong> lo ven\u00eda diciendo y pugnando por sesiones a distancia, mediante uso de herramientas digitales, y finalmente ayer, el resto de las bancadas, acept\u00f3 su propuesta para poder realizar sesiones a distancia.<\/p>\n","protected":false},"author":3,"featured_media":0,"comment_status":"open","ping_status":"open","sticky":false,"template":"","format":"standard","meta":{"_monsterinsights_skip_tracking":false,"_monsterinsights_sitenote_active":false,"_monsterinsights_sitenote_note":"","_monsterinsights_sitenote_category":0,"footnotes":""},"categories":[136],"tags":[43674,93,94],"class_list":["post-485528","post","type-post","status-publish","format-standard","hentry","category-roberto-vizcaino-opinion","tag-opinion","tag-roberto-vizcaino","tag-tras-la-puerta-del-poder"],"_links":{"self":[{"href":"https:\/\/www.diarioimagen.net\/index.php?rest_route=\/wp\/v2\/posts\/485528","targetHints":{"allow":["GET"]}}],"collection":[{"href":"https:\/\/www.diarioimagen.net\/index.php?rest_route=\/wp\/v2\/posts"}],"about":[{"href":"https:\/\/www.diarioimagen.net\/index.php?rest_route=\/wp\/v2\/types\/post"}],"author":[{"embeddable":true,"href":"https:\/\/www.diarioimagen.net\/index.php?rest_route=\/wp\/v2\/users\/3"}],"replies":[{"embeddable":true,"href":"https:\/\/www.diarioimagen.net\/index.php?rest_route=%2Fwp%2Fv2%2Fcomments&post=485528"}],"version-history":[{"count":0,"href":"https:\/\/www.diarioimagen.net\/index.php?rest_route=\/wp\/v2\/posts\/485528\/revisions"}],"wp:attachment":[{"href":"https:\/\/www.diarioimagen.net\/index.php?rest_route=%2Fwp%2Fv2%2Fmedia&parent=485528"}],"wp:term":[{"taxonomy":"category","embeddable":true,"href":"https:\/\/www.diarioimagen.net\/index.php?rest_route=%2Fwp%2Fv2%2Fcategories&post=485528"},{"taxonomy":"post_tag","embeddable":true,"href":"https:\/\/www.diarioimagen.net\/index.php?rest_route=%2Fwp%2Fv2%2Ftags&post=485528"}],"curies":[{"name":"wp","href":"https:\/\/api.w.org\/{rel}","templated":true}]}}