{"id":485568,"date":"2020-11-06T00:03:25","date_gmt":"2020-11-06T06:03:25","guid":{"rendered":"https:\/\/www.diarioimagen.net\/?p=485568"},"modified":"2020-11-06T00:51:21","modified_gmt":"2020-11-06T06:51:21","slug":"el-alcalde-raciel-perez-cruz-encabezo-audiencia-publica","status":"publish","type":"post","link":"https:\/\/www.diarioimagen.net\/?p=485568","title":{"rendered":"El alcalde Raciel P\u00e9rez Cruz encabez\u00f3 audiencia p\u00fablica\u00a0"},"content":{"rendered":"<p>&nbsp;<\/p>\n<p><img loading=\"lazy\" decoding=\"async\" class=\"aligncenter size-full wp-image-485569\" src=\"https:\/\/www.diarioimagen.net\/wp-content\/uploads\/2020\/11\/CAMACHO6-cPOR.jpg\" alt=\"\" width=\"460\" height=\"270\" \/><\/p>\n<p>&nbsp;<\/p>\n<p><strong>Tlalnepantla, Estado de M\u00e9xico<\/strong><b>.-<\/b> El presidente municipal Raciel P\u00e9rez Cruz recibi\u00f3 en audiencia p\u00fablica a vecinos y representantes de los COPACI de Bosques de Ceyl\u00e1n, Prensa Nacional, Ex Hacienda de Enmedio, Rosario II Sector II, Electra y Venustiano Carranza.<\/p>\n<p>El gobierno de Tlalnepantla dialoga de manera permanente con los habitantes de Nuestra Ciudad para reforzar las acciones en beneficio de sus comunidades<\/p>\n","protected":false},"excerpt":{"rendered":"<p>El presidente municipal Raciel P\u00e9rez Cruz recibi\u00f3 en audiencia p\u00fablica a vecinos y representantes de los COPACI de Bosques de Ceyl\u00e1n, Prensa Nacional, Ex Hacienda de Enmedio, Rosario II Sector II, Electra y Venustiano Carranza.<\/p>\n","protected":false},"author":1,"featured_media":485569,"comment_status":"open","ping_status":"open","sticky":false,"template":"","format":"standard","meta":{"_monsterinsights_skip_tracking":false,"_monsterinsights_sitenote_active":false,"_monsterinsights_sitenote_note":"","_monsterinsights_sitenote_category":0,"footnotes":""},"categories":[5],"tags":[43675,169],"class_list":["post-485568","post","type-post","status-publish","format-standard","has-post-thumbnail","hentry","category-estado-de-mexico","tag-estado-de-mexico","tag-tlalnepantla"],"_links":{"self":[{"href":"https:\/\/www.diarioimagen.net\/index.php?rest_route=\/wp\/v2\/posts\/485568","targetHints":{"allow":["GET"]}}],"collection":[{"href":"https:\/\/www.diarioimagen.net\/index.php?rest_route=\/wp\/v2\/posts"}],"about":[{"href":"https:\/\/www.diarioimagen.net\/index.php?rest_route=\/wp\/v2\/types\/post"}],"author":[{"embeddable":true,"href":"https:\/\/www.diarioimagen.net\/index.php?rest_route=\/wp\/v2\/users\/1"}],"replies":[{"embeddable":true,"href":"https:\/\/www.diarioimagen.net\/index.php?rest_route=%2Fwp%2Fv2%2Fcomments&post=485568"}],"version-history":[{"count":0,"href":"https:\/\/www.diarioimagen.net\/index.php?rest_route=\/wp\/v2\/posts\/485568\/revisions"}],"wp:featuredmedia":[{"embeddable":true,"href":"https:\/\/www.diarioimagen.net\/index.php?rest_route=\/wp\/v2\/media\/485569"}],"wp:attachment":[{"href":"https:\/\/www.diarioimagen.net\/index.php?rest_route=%2Fwp%2Fv2%2Fmedia&parent=485568"}],"wp:term":[{"taxonomy":"category","embeddable":true,"href":"https:\/\/www.diarioimagen.net\/index.php?rest_route=%2Fwp%2Fv2%2Fcategories&post=485568"},{"taxonomy":"post_tag","embeddable":true,"href":"https:\/\/www.diarioimagen.net\/index.php?rest_route=%2Fwp%2Fv2%2Ftags&post=485568"}],"curies":[{"name":"wp","href":"https:\/\/api.w.org\/{rel}","templated":true}]}}