{"id":485640,"date":"2020-11-06T00:03:11","date_gmt":"2020-11-06T06:03:11","guid":{"rendered":"https:\/\/www.diarioimagen.net\/?p=485640"},"modified":"2020-11-06T01:20:34","modified_gmt":"2020-11-06T07:20:34","slug":"tlc-tratado-de-libre-corrupcion","status":"publish","type":"post","link":"https:\/\/www.diarioimagen.net\/?p=485640","title":{"rendered":"TLC (tratado de libre corrupci\u00f3n)"},"content":{"rendered":"<h2>Perfil de M\u00e9xico<\/h2>\n<h5>Armando R\u00edos Ruiz<\/h5>\n<p>&nbsp;<\/p>\n<p>No creo que se trate de una ingenuidad del Presidente. Creo que m\u00e1s bien, se trata de su insistente reticencia a acatar alguna clase de convenio que tiene con los anteriores personajes de la pol\u00edtica, de los tiempos que un d\u00eda s\u00ed y otro tambi\u00e9n, descalifica en sus aburridas conferencias cotidianas y les impone la tilde de corruptos, sin hacer absolutamente nada contra ellos.<\/p>\n<p>Hace unos d\u00edas se public\u00f3 de manera destacada, en todos los diarios y noticieros, la posible, casi inminente detenci\u00f3n de Luis Videgaray, ex secretario de Hacienda y de Relaciones Exteriores durante el gobierno de Pe\u00f1a Nieto, vinculado al caso Odebrecht, de acuerdo con declaraciones de Emilio Lozoya Austin.<\/p>\n<p>La Fiscal\u00eda General de la Rep\u00fablica solicit\u00f3 la orden de aprehensi\u00f3n, pero no fue concedida. Un juez la rechaz\u00f3 porque estaba mal integrada, se dijo. Pero el Ejecutivo disculp\u00f3 con el infantil argumento: \u201cYo s\u00e9 que el juez regres\u00f3 la solicitud a la Fiscal\u00eda para que se mejorara o se enriqueciera, que se reforzara la averiguaci\u00f3n\u201d. \u00bfNo fue suficiente una declaraci\u00f3n directa de incriminaci\u00f3n?<\/p>\n<p>\u00bfNo es de risa pretender enga\u00f1ar a los mexicanos con esa clase de disculpas? Todos los d\u00edas se dice que la principal preocupaci\u00f3n de su administraci\u00f3n es el combate a la corrupci\u00f3n en todos los \u00f3rdenes. Sin embargo, cuando llega el momento de aplicar la ley, aparecen las excusas m\u00e1s aberrantes. Obviamente, sabemos a qui\u00e9nes convence hasta con menos razones.<\/p>\n<p>Tambi\u00e9n dijo que el se\u00f1or Videgaray debe presentarse voluntariamente a declarar. \u201cEl que nada debe, nada teme\u201d \u00bfY si debe? \u00bfLa justicia mexicana quedar\u00e1 en espera de que aparezca en cualquier momento? \u00a1Si, chucha! Aunque podr\u00eda funcionarle en un pa\u00eds en donde se aplica de manera selectiva.<\/p>\n<p>Si el que ejerce todos los poderes convino en perseguir la corrupci\u00f3n, pero en respetar la de los m\u00e1s importantes personajes del sexenio anterior, \u00bfa qu\u00e9 podr\u00eda temerle el se\u00f1or Videgaray, de quien se dice ya dej\u00f3 la Universidad de Massachusetts para refugiarse en Israel?<\/p>\n<p>Son muchas preguntas sin respuestas. \u00bfPor qu\u00e9 a Rosario Robles, quien se present\u00f3 de manera voluntaria ante las instancias de justicia, para aclarar su caso, la detuvieron y a\u00fan permanece en esa condici\u00f3n, a causa de una licencia de manejar falsa, que no present\u00f3 ella, sino que le sembraron con una fotograf\u00eda con su imagen tomada de Internet?<\/p>\n<p>Ante estas circunstancias, el mismo ex presidente, Enrique Pe\u00f1a Nieto, a quien podr\u00eda denominarse como el asaltante de instituciones p\u00fablicas, el Ali Bab\u00e1 moderno, y su ej\u00e9rcito de ladrones, el de cero luces intelectuales, pero burdo, corriente y c\u00ednico delincuente, ya hace maletas para cambiar su residencia de Espa\u00f1a a un lugar que naturalmente, nadie conoce.<\/p>\n<p>\u00bfQu\u00e9 delata esta actitud? Indiscutiblemente, que tiene culpas y que siente que en cualquier momento resultar\u00e1 por ah\u00ed, la solicitud a alg\u00fan juez de la orden de aprehensi\u00f3n correspondiente. Con toda seguridad no ocurrir\u00e1 nada. Pero mientras son peras o manzanas, preferible permanecer en guardia y no bajarla, hasta estar seguro de que el TLC (Tratado de Libre Corrupci\u00f3n), signado all\u00e1 por 2018, ser\u00e1 respetado en todos sus puntos.<\/p>\n<p>Las declaraciones del Primer Mandatario parecen buscar una previa exoneraci\u00f3n, cuando debe ser la autoridad experta en el manejo del Derecho, de la ley, quien debe determinar la situaci\u00f3n de cada presunto transgresor de la ley.<\/p>\n<p>Manifest\u00f3, a manera a abogado defensor: \u201cSi no se hace de esa forma [declarar voluntariamente], porque cada persona es libre, pues [hay que] esperar a los procedimientos, que no deben ser arbitrarios, tienen que basarse en pruebas, se tienen que integrar las averiguaciones, el juez debe, si lo amerita, autorizar la orden de aprehensi\u00f3n; existe el derecho al amparo, en fin\u201d.<\/p>\n<p>No, pos s\u00ed\u2026 Y si los que atiza diariamente tienen su bendici\u00f3n, \u00bfqu\u00e9 se espera de los corruptos de casa, que tambi\u00e9n abundan?<\/p>\n<p><a href=\"mailto:ariosruiz@gmail.com\" target=\"_blank\" rel=\"noopener noreferrer\"><em>ariosruiz@gmail.com<\/em><\/a><\/p>\n","protected":false},"excerpt":{"rendered":"<p><span style=\"color: #005497;\"><strong>Armando R\u00edos Ruiz<\/strong><\/span><\/p>\n","protected":false},"author":3,"featured_media":0,"comment_status":"open","ping_status":"open","sticky":false,"template":"","format":"standard","meta":{"_monsterinsights_skip_tracking":false,"_monsterinsights_sitenote_active":false,"_monsterinsights_sitenote_note":"","_monsterinsights_sitenote_category":0,"footnotes":""},"categories":[88405],"tags":[88407,43674,91193],"class_list":["post-485640","post","type-post","status-publish","format-standard","hentry","category-armando-rios-ruiz","tag-armando-rios-ruiz","tag-opinion","tag-perfil-de-mexico"],"_links":{"self":[{"href":"https:\/\/www.diarioimagen.net\/index.php?rest_route=\/wp\/v2\/posts\/485640","targetHints":{"allow":["GET"]}}],"collection":[{"href":"https:\/\/www.diarioimagen.net\/index.php?rest_route=\/wp\/v2\/posts"}],"about":[{"href":"https:\/\/www.diarioimagen.net\/index.php?rest_route=\/wp\/v2\/types\/post"}],"author":[{"embeddable":true,"href":"https:\/\/www.diarioimagen.net\/index.php?rest_route=\/wp\/v2\/users\/3"}],"replies":[{"embeddable":true,"href":"https:\/\/www.diarioimagen.net\/index.php?rest_route=%2Fwp%2Fv2%2Fcomments&post=485640"}],"version-history":[{"count":0,"href":"https:\/\/www.diarioimagen.net\/index.php?rest_route=\/wp\/v2\/posts\/485640\/revisions"}],"wp:attachment":[{"href":"https:\/\/www.diarioimagen.net\/index.php?rest_route=%2Fwp%2Fv2%2Fmedia&parent=485640"}],"wp:term":[{"taxonomy":"category","embeddable":true,"href":"https:\/\/www.diarioimagen.net\/index.php?rest_route=%2Fwp%2Fv2%2Fcategories&post=485640"},{"taxonomy":"post_tag","embeddable":true,"href":"https:\/\/www.diarioimagen.net\/index.php?rest_route=%2Fwp%2Fv2%2Ftags&post=485640"}],"curies":[{"name":"wp","href":"https:\/\/api.w.org\/{rel}","templated":true}]}}