{"id":485688,"date":"2020-11-06T00:05:27","date_gmt":"2020-11-06T06:05:27","guid":{"rendered":"https:\/\/www.diarioimagen.net\/?p=485688"},"modified":"2020-11-08T22:51:32","modified_gmt":"2020-11-09T04:51:32","slug":"uaem-sede-de-congreso-internacional-de-estudios-de-genero-y-teoria-queer","status":"publish","type":"post","link":"https:\/\/www.diarioimagen.net\/?p=485688","title":{"rendered":"UAEM, sede de Congreso Internacional de Estudios de G\u00e9nero y Teor\u00eda Queer"},"content":{"rendered":"<p><em>\u00a0<\/em><\/p>\n<ul>\n<li><strong><em>En este ejercicio acad\u00e9mico, organizado en coordinaci\u00f3n con la Universidad Veracruzana, participan expertos de instituciones de educaci\u00f3n superior de siete pa\u00edses<\/em><\/strong><\/li>\n<\/ul>\n<p><strong>\u00a0<\/strong><\/p>\n<div id=\"attachment_485698\" style=\"width: 470px\" class=\"wp-caption aligncenter\"><a href=\"https:\/\/www.diarioimagen.net\/?attachment_id=485698\" rel=\"attachment wp-att-485698\"><img loading=\"lazy\" decoding=\"async\" aria-describedby=\"caption-attachment-485698\" class=\"size-full wp-image-485698\" src=\"https:\/\/www.diarioimagen.net\/wp-content\/uploads\/2020\/11\/UaemConvo.jpg\" alt=\"\" width=\"460\" height=\"270\" \/><\/a><p id=\"caption-attachment-485698\" class=\"wp-caption-text\">El director de la Escuela de Artes Esc\u00e9nicas, Alejandro Flores Sol\u00eds, destac\u00f3 que este evento se realiz\u00f3 gracias al v\u00ednculo entre cuerpos acad\u00e9micos de la UAEM y la UV.<\/p><\/div>\n<p>&nbsp;<\/p>\n<p><strong>Toluca, Estado de M\u00e9xico.\u2013 <\/strong>La Universidad Aut\u00f3noma del Estado de M\u00e9xico, a trav\u00e9s de la Escuela de Arte Esc\u00e9nicas (EAE) y en coordinaci\u00f3n con la Universidad Veracruzana (UV), lleva a cabo el Tercer Congreso Internacional de Estudios de G\u00e9nero y Teor\u00eda Queer.<\/p>\n<p>En este ejercicio acad\u00e9mico participan expertos de instituciones de educaci\u00f3n superior del extranjero como la Universidad de Texas, Estados Unidos; la Universidad de C\u00f3rdoba, Argentina; la Universidad de Puerto Rico, la Universidad del Atl\u00e1ntico, Colombia; la Universidad de Barcelona, Espa\u00f1a, y la University College of London, Inglaterra.<\/p>\n<p>Durante la inauguraci\u00f3n de esta actividad, el director de la Escuela de Artes Esc\u00e9nicas, Alejandro Flores Sol\u00eds, destac\u00f3 que este evento se realiz\u00f3 gracias al v\u00ednculo entre cuerpos acad\u00e9micos de la UAEM y la UV. \u201cSe trata del inicio de trabajo acad\u00e9micos para generar conocimiento acerca de temas de vanguardia\u201d.<\/p>\n<p>El director del \u00c1rea Acad\u00e9mica de Humanidades de la UV, Jos\u00e9 Luis Mart\u00ednez Su\u00e1rez, sostuvo que este congreso fortalece el trabajo sobre los estudios de g\u00e9nero. \u201cEste tema y la teor\u00eda queer deben estar en la agenda de todos los sistemas educativos\u201d.<\/p>\n<p>Al respecto, el acad\u00e9mico de la UAEM, Carlos Alberto Leal Reyes, sostuvo que el queer es una apuesta para destronar el pensamiento binario y jer\u00e1rquico. \u201cEs una herramienta de an\u00e1lisis y una prolongaci\u00f3n de las luchas feministas para acabar con la divisi\u00f3n de roles y los estereotipos que determinan las identidades de g\u00e9nero\u201d.<\/p>\n<p>Este congreso, dijo, busca pensar desde una perspectiva acad\u00e9mica los estudios de g\u00e9nero en medio de las estructuras desiguales que persisten. Propone discutir las diferencias y generar grupos de investigaci\u00f3n en torno al tema.<\/p>\n<p>La titular de la Coordinaci\u00f3n Institucional de Equidad de G\u00e9nero de la UAEM, Roc\u00edo \u00c1lvarez Miranda, manifest\u00f3 que estas perspectivas son fundamentales para explicar la diversidad.<\/p>\n<p>Cabe destacar que en el Tercer Congreso Internacional de Estudios de G\u00e9nero y Teor\u00eda Queer tambi\u00e9n participan acad\u00e9micos de la Universidad Aut\u00f3noma Metropolitana, la Benem\u00e9rita Universidad Aut\u00f3noma de Puebla, la Universidad de Guadalajara, la Universidad de Sonora y la Universidad Michoacana de San Nicol\u00e1s de Hidalgo.<\/p>\n","protected":false},"excerpt":{"rendered":"<p>La Universidad Aut\u00f3noma del Estado de M\u00e9xico, a trav\u00e9s de la Escuela de Arte Esc\u00e9nicas (EAE) y en coordinaci\u00f3n con la Universidad Veracruzana (UV), lleva a cabo el Tercer Congreso Internacional de Estudios de G\u00e9nero y Teor\u00eda Queer.\u00a0<\/p>\n","protected":false},"author":3,"featured_media":485698,"comment_status":"open","ping_status":"open","sticky":false,"template":"","format":"standard","meta":{"_monsterinsights_skip_tracking":false,"_monsterinsights_sitenote_active":false,"_monsterinsights_sitenote_note":"","_monsterinsights_sitenote_category":0,"footnotes":""},"categories":[5],"tags":[91856,43675,452],"class_list":["post-485688","post","type-post","status-publish","format-standard","has-post-thumbnail","hentry","category-estado-de-mexico","tag-congreso-internacional-de-estudios-de-genero-y-teoria-queer","tag-estado-de-mexico","tag-toluca"],"_links":{"self":[{"href":"https:\/\/www.diarioimagen.net\/index.php?rest_route=\/wp\/v2\/posts\/485688","targetHints":{"allow":["GET"]}}],"collection":[{"href":"https:\/\/www.diarioimagen.net\/index.php?rest_route=\/wp\/v2\/posts"}],"about":[{"href":"https:\/\/www.diarioimagen.net\/index.php?rest_route=\/wp\/v2\/types\/post"}],"author":[{"embeddable":true,"href":"https:\/\/www.diarioimagen.net\/index.php?rest_route=\/wp\/v2\/users\/3"}],"replies":[{"embeddable":true,"href":"https:\/\/www.diarioimagen.net\/index.php?rest_route=%2Fwp%2Fv2%2Fcomments&post=485688"}],"version-history":[{"count":0,"href":"https:\/\/www.diarioimagen.net\/index.php?rest_route=\/wp\/v2\/posts\/485688\/revisions"}],"wp:featuredmedia":[{"embeddable":true,"href":"https:\/\/www.diarioimagen.net\/index.php?rest_route=\/wp\/v2\/media\/485698"}],"wp:attachment":[{"href":"https:\/\/www.diarioimagen.net\/index.php?rest_route=%2Fwp%2Fv2%2Fmedia&parent=485688"}],"wp:term":[{"taxonomy":"category","embeddable":true,"href":"https:\/\/www.diarioimagen.net\/index.php?rest_route=%2Fwp%2Fv2%2Fcategories&post=485688"},{"taxonomy":"post_tag","embeddable":true,"href":"https:\/\/www.diarioimagen.net\/index.php?rest_route=%2Fwp%2Fv2%2Ftags&post=485688"}],"curies":[{"name":"wp","href":"https:\/\/api.w.org\/{rel}","templated":true}]}}