{"id":485708,"date":"2020-11-09T00:02:52","date_gmt":"2020-11-09T06:02:52","guid":{"rendered":"https:\/\/www.diarioimagen.net\/?p=485708"},"modified":"2020-11-09T00:14:56","modified_gmt":"2020-11-09T06:14:56","slug":"participa-el-gobierno-de-naucalpan-en-foro-internacional-sobre-covid-19","status":"publish","type":"post","link":"https:\/\/www.diarioimagen.net\/?p=485708","title":{"rendered":"Participa el gobierno de Naucalpan en foro internacional sobre Covid-19"},"content":{"rendered":"<p>&nbsp;<\/p>\n<ul>\n<li><em><b>Organizado por la asociaci\u00f3n Connective Cities<\/b><\/em><\/li>\n<\/ul>\n<p>&nbsp;<\/p>\n<div id=\"attachment_485709\" style=\"width: 470px\" class=\"wp-caption aligncenter\"><img loading=\"lazy\" decoding=\"async\" aria-describedby=\"caption-attachment-485709\" class=\"size-full wp-image-485709\" src=\"https:\/\/www.diarioimagen.net\/wp-content\/uploads\/2020\/11\/CAMACHO9-bPOR.jpg\" alt=\"\" width=\"460\" height=\"407\" \/><p id=\"caption-attachment-485709\" class=\"wp-caption-text\">Naucalpan particip\u00f3 en el foro internacional \u201cC\u00f3mo el Covid-19 cambia nuestras vidas y c\u00f3mo las personas crearon salvavidas a su alrededor\u201d.<\/p><\/div>\n<p>&nbsp;<\/p>\n<p><strong>Naucalpan, Estado de M\u00e9xico.<\/strong>&#8211; El secretario de Gobierno municipal, Mauricio Aguirre Lozano, particip\u00f3 en el foro internacional \u201cC\u00f3mo el Covid-19 cambia nuestras vidas y c\u00f3mo las personas crearon salvavidas a su alrededor\u201d, organizado por la asociaci\u00f3n internacional Connective Cities.<\/p>\n<p>V\u00eda streaming, el secretario de Gobierno comparti\u00f3 con autoridades y representantes de alcald\u00edas de Colombia, Brasil y Alemania, las estrategias que ha implementado el Gobierno de Naucalpan desde el inicio de la pandemia por coronavirus.<\/p>\n<p>El foro forma parte de una iniciativa de colaboraci\u00f3n entre DesignThinkers Group, de Espa\u00f1a; Whiteboard Innovation, de Israel, y la Universidad Pompeu Fabra de Barcelona, a fin de compartir experiencias entre los gobiernos locales para atender la crisis sanitaria que ha ocasionado la Covid-19.<\/p>\n<p>Anteriormente, Aguirre Lozano particip\u00f3 en el foro organizado por Connective Cities para hablar de las acciones realizadas durante la pandemia por Covid-19, junto a representantes de Brasil y Alemania.<\/p>\n<p>\u201cHemos intercambiado experiencias en el manejo de la pandemia de Covid-19 en M\u00e9xico con representantes de los gobiernos de Aracaju, Brasil, y Essen, Alemania, en el foro convocado por Connective Cities.<\/p>\n<p>\u201cNuestra Presidenta Municipal, Patricia Elisa Dur\u00e1n Reveles, es reconocida por su buen manejo de la contingencia y responsabilidad social\u201d, asegur\u00f3.<\/p>\n<p>El gobierno municipal ha participado en otros foros internacionales. El pasado 28 de octubre, la Alcaldesa Dur\u00e1n Reveles intervino como ponente en el foro \u201cLa Movida Latinoamericana, por la cultura de equidad y prevenci\u00f3n de la violencia pol\u00edtica\u201d, que realiz\u00f3 la Universidad Abierta Interamericana.<\/p>\n","protected":false},"excerpt":{"rendered":"<p>El secretario de Gobierno municipal, Mauricio Aguirre Lozano, particip\u00f3 en el foro internacional \u201cC\u00f3mo el Covid-19 cambia nuestras vidas y c\u00f3mo las personas crearon salvavidas a su alrededor\u201d, organizado por la asociaci\u00f3n internacional Connective Cities.<\/p>\n","protected":false},"author":1,"featured_media":485710,"comment_status":"open","ping_status":"open","sticky":false,"template":"","format":"standard","meta":{"_monsterinsights_skip_tracking":false,"_monsterinsights_sitenote_active":false,"_monsterinsights_sitenote_note":"","_monsterinsights_sitenote_category":0,"footnotes":""},"categories":[5],"tags":[43675,970],"class_list":["post-485708","post","type-post","status-publish","format-standard","has-post-thumbnail","hentry","category-estado-de-mexico","tag-estado-de-mexico","tag-naucalpan"],"_links":{"self":[{"href":"https:\/\/www.diarioimagen.net\/index.php?rest_route=\/wp\/v2\/posts\/485708","targetHints":{"allow":["GET"]}}],"collection":[{"href":"https:\/\/www.diarioimagen.net\/index.php?rest_route=\/wp\/v2\/posts"}],"about":[{"href":"https:\/\/www.diarioimagen.net\/index.php?rest_route=\/wp\/v2\/types\/post"}],"author":[{"embeddable":true,"href":"https:\/\/www.diarioimagen.net\/index.php?rest_route=\/wp\/v2\/users\/1"}],"replies":[{"embeddable":true,"href":"https:\/\/www.diarioimagen.net\/index.php?rest_route=%2Fwp%2Fv2%2Fcomments&post=485708"}],"version-history":[{"count":0,"href":"https:\/\/www.diarioimagen.net\/index.php?rest_route=\/wp\/v2\/posts\/485708\/revisions"}],"wp:featuredmedia":[{"embeddable":true,"href":"https:\/\/www.diarioimagen.net\/index.php?rest_route=\/wp\/v2\/media\/485710"}],"wp:attachment":[{"href":"https:\/\/www.diarioimagen.net\/index.php?rest_route=%2Fwp%2Fv2%2Fmedia&parent=485708"}],"wp:term":[{"taxonomy":"category","embeddable":true,"href":"https:\/\/www.diarioimagen.net\/index.php?rest_route=%2Fwp%2Fv2%2Fcategories&post=485708"},{"taxonomy":"post_tag","embeddable":true,"href":"https:\/\/www.diarioimagen.net\/index.php?rest_route=%2Fwp%2Fv2%2Ftags&post=485708"}],"curies":[{"name":"wp","href":"https:\/\/api.w.org\/{rel}","templated":true}]}}