{"id":485719,"date":"2020-11-09T00:08:40","date_gmt":"2020-11-09T06:08:40","guid":{"rendered":"https:\/\/www.diarioimagen.net\/?p=485719"},"modified":"2020-11-09T00:36:42","modified_gmt":"2020-11-09T06:36:42","slug":"quererlo-todo-la-nueva-apuesta-de-televisa","status":"publish","type":"post","link":"https:\/\/www.diarioimagen.net\/?p=485719","title":{"rendered":"\u201cQuererlo todo\u201d,\u00a0la nueva apuesta\u00a0 de Televisa\u00a0"},"content":{"rendered":"<p>&nbsp;<\/p>\n<h3 style=\"text-align: center;\">Consta de 120 cap\u00edtulos; gran estreno 9 de noviembre, 15:30 horas<\/h3>\n<p>&nbsp;<\/p>\n<ul>\n<li><strong><em>\u00a0\u201cEsta historia campirana est\u00e1 basada en la telenovela cl\u00e1sica color de rosa, es una invitaci\u00f3n para fugarse de los problemas y so\u00f1ar\u201d, se\u00f1ala su protagonista Michelle Renaud, quien tendr\u00e1 como pareja a Danilo Carrera, bajo la producci\u00f3n de Ignacio Sada<\/em><\/strong><\/li>\n<\/ul>\n<p>&nbsp;<\/p>\n<div id=\"attachment_485720\" style=\"width: 285px\" class=\"wp-caption alignright\"><img loading=\"lazy\" decoding=\"async\" aria-describedby=\"caption-attachment-485720\" class=\"wp-image-485720\" src=\"https:\/\/www.diarioimagen.net\/wp-content\/uploads\/2020\/11\/quererlo-todoOPOR.jpg\" alt=\"\" width=\"275\" height=\"469\" \/><p id=\"caption-attachment-485720\" class=\"wp-caption-text\">Televisa regresa a la telenovela tradicional con \u201cQuererlo Todo\u201d.<\/p><\/div>\n<p>Ser\u00e1 este 9 de noviembre cuando se estrene por \u201clas estrellas\u201d la telenovela \u201cQuererlo todo\u201d, producida por Ignacio Sada y protagonizada por Danilo Carrera, Michelle Renaud, Scarlet Gruber, Sara Corrales y V\u00edctor Gonz\u00e1lez, quienes en rueda de prensa hablaron acerca de los pormenores de esta nueva propuesta, cuya historia original es de Enrique Esteba\u00f1ez y ahora est\u00e1 producida por Ignacio Sada, quien cuenta con el horario de las 15:30 horas, quien asegur\u00f3 que se trata de una propuesta \u00fanica.<\/p>\n<p>En el elenco tambi\u00e9n se encuentran los primeros actores Olivia Bucio, Manuel Ojeda, Luz Mar\u00eda Jer\u00e9z, Roberto Bland\u00f3n, Eugenia Cauduro, Alexis Ayala y Alejandro Tomassi, solo por mencionar algunos de los que har\u00e1n que esta historia de amor, pasi\u00f3n, y todas las emociones humanas sean visibles en pantalla. Adem\u00e1s dentro del elenco juvenil podemos encontrar a Sara Corrales, Scarlet Gruber, hija de Gabriel \u201cEl Chamo\u201d y V\u00edctor Gonz\u00e1lez.<\/p>\n<p>El pasado 3 de agosto en el Foro 14 de Televisa San \u00c1ngel se dio inicio a las grabaciones de esta producci\u00f3n \u201cQuererlo todo\u201d, protagonizada por Michelle Renaud y Danilo Carrera, con una misa de acci\u00f3n de gracias y este 9 de noviembre este proyecto se har\u00e1 realidad al comenzar las transmisiones de esta historia campirana que se desarrolla en un pueblo llamado \u201cEl Rosario\u201d, cuyos habitantes guardan alg\u00fan secreto. La envidia y la intriga ser\u00e1n parte de la trama, sin dejar de lado lo m\u00e1s importante que es la b\u00fasqueda del amor propio y verdadero.<span class=\"Apple-converted-space\">\u00a0<\/span><\/p>\n<p>\u201cHay un p\u00fablico que goza mucho de la telenovela cl\u00e1sica, rosa, como \u2018Coraz\u00f3n indomable\u2019, y dan magn\u00edficos resultados; la telenovela es para fugarse de los problemas, para entretenerse, es una invitaci\u00f3n a so\u00f1ar\u201d, Michelle Renaud.<\/p>\n<p>Las grabaciones se realizan en la Hacienda La Agavia, y locaciones en el poblado El Oro, en el Estado de M\u00e9xico.<\/p>\n<p>&nbsp;<\/p>\n<blockquote><p><i>Basado en una historia argentina, \u201cQuererlo todo\u201d presentar\u00e1 un relato lleno de emociones que arrancar\u00e1 con la muerte de \u2018don Patricio Montes\u2019, un hacendado mujeriego con una gran fortuna que deja a una de sus m\u00e1s leales trabajadoras, \u2018Dalia Santos\u2019, como albacea de sus bienes y responsable de reunir a su familia; indica el medio.<\/i><\/p><\/blockquote>\n","protected":false},"excerpt":{"rendered":"<p>Ser\u00e1 este 9 de noviembre cuando se estrene por \u201clas estrellas\u201d la telenovela \u201cQuererlo todo\u201d, producida por Ignacio Sada y protagonizada por Danilo Carrera, Michelle Renaud, Scarlet Gruber, Sara Corrales y V\u00edctor Gonz\u00e1lez, quienes en rueda de prensa hablaron acerca de los pormenores de esta nueva propuesta, cuya historia original es de Enrique Esteba\u00f1ez y ahora est\u00e1 producida por Ignacio Sada, quien cuenta con el horario de las 15:30 horas, quien asegur\u00f3 que se trata de una propuesta \u00fanica.<\/p>\n","protected":false},"author":1,"featured_media":485721,"comment_status":"open","ping_status":"open","sticky":false,"template":"","format":"standard","meta":{"_monsterinsights_skip_tracking":false,"_monsterinsights_sitenote_active":false,"_monsterinsights_sitenote_note":"","_monsterinsights_sitenote_category":0,"footnotes":""},"categories":[12],"tags":[43682,91429,604],"class_list":["post-485719","post","type-post","status-publish","format-standard","has-post-thumbnail","hentry","category-espectaculos","tag-espectaculos","tag-quererlo-todo","tag-televisa"],"_links":{"self":[{"href":"https:\/\/www.diarioimagen.net\/index.php?rest_route=\/wp\/v2\/posts\/485719","targetHints":{"allow":["GET"]}}],"collection":[{"href":"https:\/\/www.diarioimagen.net\/index.php?rest_route=\/wp\/v2\/posts"}],"about":[{"href":"https:\/\/www.diarioimagen.net\/index.php?rest_route=\/wp\/v2\/types\/post"}],"author":[{"embeddable":true,"href":"https:\/\/www.diarioimagen.net\/index.php?rest_route=\/wp\/v2\/users\/1"}],"replies":[{"embeddable":true,"href":"https:\/\/www.diarioimagen.net\/index.php?rest_route=%2Fwp%2Fv2%2Fcomments&post=485719"}],"version-history":[{"count":0,"href":"https:\/\/www.diarioimagen.net\/index.php?rest_route=\/wp\/v2\/posts\/485719\/revisions"}],"wp:featuredmedia":[{"embeddable":true,"href":"https:\/\/www.diarioimagen.net\/index.php?rest_route=\/wp\/v2\/media\/485721"}],"wp:attachment":[{"href":"https:\/\/www.diarioimagen.net\/index.php?rest_route=%2Fwp%2Fv2%2Fmedia&parent=485719"}],"wp:term":[{"taxonomy":"category","embeddable":true,"href":"https:\/\/www.diarioimagen.net\/index.php?rest_route=%2Fwp%2Fv2%2Fcategories&post=485719"},{"taxonomy":"post_tag","embeddable":true,"href":"https:\/\/www.diarioimagen.net\/index.php?rest_route=%2Fwp%2Fv2%2Ftags&post=485719"}],"curies":[{"name":"wp","href":"https:\/\/api.w.org\/{rel}","templated":true}]}}