{"id":485736,"date":"2020-11-09T00:01:10","date_gmt":"2020-11-09T06:01:10","guid":{"rendered":"https:\/\/www.diarioimagen.net\/?p=485736"},"modified":"2020-11-09T06:00:28","modified_gmt":"2020-11-09T12:00:28","slug":"grupo-xcaret-reconocido-por-la-concamin-con-el-premio-etica-y-valores-de-la-industria-en-la-categoria-de-grandes-empresas-mexicanas","status":"publish","type":"post","link":"https:\/\/www.diarioimagen.net\/?p=485736","title":{"rendered":"Grupo Xcaret, reconocido por la Concamin con el premio \u00c9tica y Valores de la Industria en la categor\u00eda de \u201cGrandes Empresas Mexicanas\u201d"},"content":{"rendered":"<h2>De cinco estrellas<\/h2>\n<h5>Victoria Gonz\u00e1lez Prado<\/h5>\n<p>&nbsp;<\/p>\n<ul>\n<li><em><strong>En octubre pasado, Viva Aerobus registr\u00f3 m\u00e1s de 885 mil pasajeros; incremento del 21 por ciento en comparaci\u00f3n con septiembre pasado<\/strong><\/em><\/li>\n<li><strong><em>Mariana P\u00e9rez Ponce de Le\u00f3n, presidenta electa, representar\u00e1 a la AFEET a partir de febrero pr\u00f3ximo<\/em><br \/>\n<\/strong><\/li>\n<\/ul>\n<p>&nbsp;<\/p>\n<p>&nbsp;<\/p>\n<p>&nbsp;<\/p>\n<p style=\"text-align: right;\">Grupo Xcaret fue reconocido por la Confederaci\u00f3n de C\u00e1maras Industriales (Concamin) con el premio \u00c9tica y Valores de la Industria en la categor\u00eda de \u201cGrandes Empresas Mexicanas\u201d por su compromiso con los principios de responsabilidad hacia sus colaboradores y las comunidades en las que opera y por el desarrollo de cultura regida por la \u00e9tica en su organizaci\u00f3n.<\/p>\n<p>&nbsp;<\/p>\n<div id=\"attachment_485845\" style=\"width: 310px\" class=\"wp-caption alignleft\"><a href=\"https:\/\/www.diarioimagen.net\/?attachment_id=485845\" rel=\"attachment wp-att-485845\"><img loading=\"lazy\" decoding=\"async\" aria-describedby=\"caption-attachment-485845\" class=\"wp-image-485845\" src=\"https:\/\/www.diarioimagen.net\/wp-content\/uploads\/2020\/11\/turismo-3.jpg\" alt=\"\" width=\"300\" height=\"383\" \/><\/a><p id=\"caption-attachment-485845\" class=\"wp-caption-text\">Miguel Quintana Pali recibi\u00f3 el reconocimiento.<\/p><\/div>\n<p>El grupo fue evaluado, entre otros, por especialistas en Responsabilidad Social Empresarial, organizaci\u00f3n, normatividad, gobierno corporativo, derechos humanos, medioambiente, mejora continua, mercadotecnia responsable e incluso temas referentes a Covid-19. Los reconocimientos fueron entregados en el marco de las Reuni\u00f3n Anual de Industriales 2020.<\/p>\n<p><strong>Miguel Quintana Pali<\/strong>, presidente y socio fundador del grupo asegur\u00f3: \u201cnos enorgullecemos de ser empresa 100 por ciento mexicana que naci\u00f3 hace m\u00e1s de 30 a\u00f1os con la convicci\u00f3n de ser organizaci\u00f3n que honre a M\u00e9xico y a la naturaleza promoviendo el respeto por las personas. Este reconocimiento nos indica que vamos por un buen camino y si bien a\u00fan falta mucho por recorrer, nuestros esfuerzos est\u00e1n y siempre estar\u00e1n encaminados en hacer de este planeta un lugar mejor para todos los que lo habitamos, siempre bajo el paraguas de la <em>Xostenibilidad<\/em>. Agradezco a la Concamin esta distinci\u00f3n que refrenda nuestro compromiso de contribuir de manera proactiva en los \u00e1mbitos social, ambiental y econ\u00f3mico para nuestra comunidad, Quintana Roo y M\u00e9xico\u201d.<\/p>\n<p>En la entrega del reconocimiento \u2013virtual- la Concamin reconoci\u00f3 la labor de Grupo Xcaret posicion\u00e1ndolo como ejemplo a seguir, y exhort\u00f3 a la empresa de recreaci\u00f3n tur\u00edstica sostenible a promover en otras organizaciones, en especial en las que forman parte de su cadena de valor, la adopci\u00f3n de procedimientos basados en la integridad y fomentan el desarrollo de sociedad sustentable.<\/p>\n<p>\u2730\u2730\u2730\u2730\u2730 En octubre pasado, Viva Aerobus registr\u00f3 m\u00e1s de 885 mil pasajeros, incremento del 21 por ciento en comparaci\u00f3n con septiembre pasado, resultado de su consistente reactivaci\u00f3n de rutas y preferencia de los pasajeros por la propuesta de valor que combina precios bajos, confiabilidad y estrictos protocolos de prevenci\u00f3n e higiene y se cont\u00f3 con factor de ocupaci\u00f3n del 81 por ciento, de las cifras m\u00e1s elevadas dentro de la desafiante coyuntura.<\/p>\n<p>Al respecto, <strong>Juan Carlos Zuazua<\/strong>, director general de la aerol\u00ednea indic\u00f3: \u201cestamos comprometidos desde el primer d\u00eda de la pandemia con el cuidado de la salud y econom\u00eda de nuestros pasajeros, ganando su confianza y preferencia en el marco de la recuperaci\u00f3n del sector. Seguimos innovando para cuidar el bolsillo de nuestros pasajeros y enriquecer nuestro servicio, prueba de ello es que reci\u00e9n eliminamos de forma permanente los cargos por cambios\u201d.<\/p>\n<p>Durante octubre, Viva oper\u00f3\u00a097 rutas\u00a0(86 nacionales y 11 internacionales), ofertando capacidad del 93.9 por ciento\u00a0vs octubre 2019,\u00a0medida en asientos por kil\u00f3metros disponibles (ASKs por sus siglas en ingl\u00e9s); esta reactivaci\u00f3n incluy\u00f3 el reinicio de vuelos Ciudad de M\u00e9xico-Oaxaca, Chihuahua\u2013Guadalajara y Hermosillo\u2013Los Cabos.<\/p>\n<p>Adem\u00e1s, ya se anunciaron 20 nuevas rutas en el camino hacia la nueva realidad: 13 nacionales y siete internacionales. Desde Monterrey, ya est\u00e1n a la venta los nuevos vuelos a San Antonio y Dallas Fort Worth; desde Canc\u00fan a Aguascalientes y San Luis Potos\u00ed; la ruta Mazatl\u00e1n\u2013Chihuahua; y desde Ciudad de M\u00e9xico a Acapulco, Ciudad Obreg\u00f3n, Campeche, Ciudad del Carmen, Chetumal, Durango, Los Mochis, Tampico, Veracruz, La Paz, Chicago, DFW, Los \u00c1ngeles, Houston y San Antonio.<\/p>\n<p>Con esta estrategia de reactivaci\u00f3n, la l\u00ednea a\u00e9rea se consolid\u00f3 en noviembre como la primera compa\u00f1\u00eda de todo el continente americano en reactivar al 100 por ciento su capacidad operacional respecto a noviembre de 2019. Este mes, la aerol\u00ednea ya opera 109 rutas: 96 nacionales y 13 internacionales.<\/p>\n<p>Respecto a octubre de 2019, el n\u00famero de pasajeros implic\u00f3 decremento del 17.6 por ciento, resultado de los efectos de la pandemia en la demanda de vuelos y el factor de ocupaci\u00f3n disminuy\u00f3 en siete puntos porcentuales.<\/p>\n<p>En el total acumulado del a\u00f1o (enero-octubre 2020), Viva Aerobus report\u00f3 m\u00e1s de 6 millones de pasajeros y factor de ocupaci\u00f3n promedio del 81.4 por ciento. Resultados, comparados con el mismo periodo del 2019, implicaron reducci\u00f3n de 38.2 por ciento en t\u00e9rminos de pasajeros y disminuci\u00f3n de 7.6 puntos porcentuales en el factor de ocupaci\u00f3n.<\/p>\n<p>\u2730\u2730\u2730\u2730\u2730 <strong>Mariana P\u00e9rez Ponce de Le\u00f3n<\/strong> es la presidenta electa de la Asociaci\u00f3n Femenil de Ejecutivas de Empresas Tur\u00edsticas de La Rep\u00fablica Mexicana, (AFEET).<\/p>\n<p>Las votaciones se llevaron a cabo de manera presencial en la Hacienda de Los Morales con 30 socias, quienes aplicaron estrictamente todas las medidas de seguridad e higiene para emitir sus votos. El cambio de Mesa Directiva se concretar\u00e1 en febrero de 2021 cuando <strong>Mariana <\/strong>ocupe el cargo, para luego continuar con el proceso en los Cap\u00edtulos Filiales.<\/p>\n<p>Actualmente, la presidenta electa es encargada de gestionar nuevos negocios para M\u00e9xico, el Caribe y Centroam\u00e9rica en Sabre, empresa de tecnolog\u00eda de viajes, donde ha ocupado diversas posiciones en distintas \u00e1reas. Durante cinco a\u00f1os, se desempe\u00f1\u00f3 como gerente Regional de Mercadotecnia para M\u00e9xico y el Norte de Latinoam\u00e9rica.<\/p>\n<p><strong>Mariana P\u00e9rez<\/strong> present\u00f3 a las integrantes de la nueva Mesa Directiva Nacional: <strong>Celida Puente<\/strong>, <strong>Ivette Bistrain, Adriana de la Torre<\/strong> y <strong>Blanca Herrera<\/strong>; as\u00ed como su plan de trabajo, basado en la reactivaci\u00f3n y promoci\u00f3n de la Industria Tur\u00edstica que impulse y respalde el trabajo de todas las socias.<\/p>\n<p>De acuerdo a los estatutos de la AFEET, se eligi\u00f3 a <strong>Bego\u00f1a Fern\u00e1ndez<\/strong>, <strong>Maylen Jean<\/strong> y <strong>Graciela Abud<\/strong>, para el Comit\u00e9 Nacional de Honor y Justicia y a <strong>Olga Teresita Luna<\/strong>, para el Comit\u00e9 Nacional de Hacienda.<\/p>\n<p>Luego, <strong>Mariana<\/strong> comparti\u00f3 con las socias.<\/p>\n<blockquote>\n<p style=\"text-align: right;\">\u201c<strong>El<\/strong> <strong>\u00e1ngel de la fama tiene sus alas hechas de papel&#8230; peri\u00f3dico\u201d.<br \/>\n<\/strong><\/p>\n<\/blockquote>\n<p>&nbsp;<\/p>\n<p><em><span class=\"Apple-converted-space\"><a href=\"mailto:victoriagprado@gmail.com\" target=\"_blank\" rel=\"noopener noreferrer\">victoriagprado@gmail.com<\/a><br \/>\nTwitter: <a href=\"https:\/\/twitter.com\/victoriagprado\" target=\"_blank\" rel=\"noopener noreferrer\">@victoriagprado<\/a><\/span><\/em><\/p>\n","protected":false},"excerpt":{"rendered":"<p>Grupo Xcaret fue reconocido por la Confederaci\u00f3n de C\u00e1maras Industriales (Concamin) con el premio \u00c9tica y Valores de la Industria en la categor\u00eda de \u201cGrandes Empresas Mexicanas\u201d por su compromiso con los principios de responsabilidad hacia sus colaboradores y las comunidades en las que opera y por el desarrollo de cultura regida por la \u00e9tica en su organizaci\u00f3n.<\/p>\n","protected":false},"author":3,"featured_media":485850,"comment_status":"open","ping_status":"open","sticky":false,"template":"","format":"standard","meta":{"_monsterinsights_skip_tracking":false,"_monsterinsights_sitenote_active":false,"_monsterinsights_sitenote_note":"","_monsterinsights_sitenote_category":0,"footnotes":""},"categories":[11],"tags":[107,43674,43681,106],"class_list":["post-485736","post","type-post","status-publish","format-standard","has-post-thumbnail","hentry","category-turismo","tag-de-cinco-estrellas","tag-opinion","tag-turismo","tag-victoria-gonzalez-prado"],"_links":{"self":[{"href":"https:\/\/www.diarioimagen.net\/index.php?rest_route=\/wp\/v2\/posts\/485736","targetHints":{"allow":["GET"]}}],"collection":[{"href":"https:\/\/www.diarioimagen.net\/index.php?rest_route=\/wp\/v2\/posts"}],"about":[{"href":"https:\/\/www.diarioimagen.net\/index.php?rest_route=\/wp\/v2\/types\/post"}],"author":[{"embeddable":true,"href":"https:\/\/www.diarioimagen.net\/index.php?rest_route=\/wp\/v2\/users\/3"}],"replies":[{"embeddable":true,"href":"https:\/\/www.diarioimagen.net\/index.php?rest_route=%2Fwp%2Fv2%2Fcomments&post=485736"}],"version-history":[{"count":0,"href":"https:\/\/www.diarioimagen.net\/index.php?rest_route=\/wp\/v2\/posts\/485736\/revisions"}],"wp:featuredmedia":[{"embeddable":true,"href":"https:\/\/www.diarioimagen.net\/index.php?rest_route=\/wp\/v2\/media\/485850"}],"wp:attachment":[{"href":"https:\/\/www.diarioimagen.net\/index.php?rest_route=%2Fwp%2Fv2%2Fmedia&parent=485736"}],"wp:term":[{"taxonomy":"category","embeddable":true,"href":"https:\/\/www.diarioimagen.net\/index.php?rest_route=%2Fwp%2Fv2%2Fcategories&post=485736"},{"taxonomy":"post_tag","embeddable":true,"href":"https:\/\/www.diarioimagen.net\/index.php?rest_route=%2Fwp%2Fv2%2Ftags&post=485736"}],"curies":[{"name":"wp","href":"https:\/\/api.w.org\/{rel}","templated":true}]}}