{"id":485787,"date":"2020-11-09T00:01:00","date_gmt":"2020-11-09T06:01:00","guid":{"rendered":"https:\/\/www.diarioimagen.net\/?p=485787"},"modified":"2020-11-09T22:55:40","modified_gmt":"2020-11-10T04:55:40","slug":"ladridos-y-mordidas","status":"publish","type":"post","link":"https:\/\/www.diarioimagen.net\/?p=485787","title":{"rendered":"Ladridos y mordidas"},"content":{"rendered":"<h2>De pe a pa<\/h2>\n<h5>Alberto Vieyra G.<\/h5>\n<p>&nbsp;<\/p>\n<p>Donald Trump, la <em>bestia trumpiana,<\/em> un populista mentiroso, grosero, demagogo, nefario, tan zafio, tan egoc\u00e9ntrico, tan insolente, tan vulgar y, lo peor, tan dispuesto a desconocer normas legales y pol\u00edticas y a desafiar c\u00ednicamente la vigencia de las instituciones republicanas en EU, anda ladra y ladra y ladra, pues la segunda \u201cmordida\u201d por la presidencia de Estados Unidos se le escap\u00f3 y ahora no le queda m\u00e1s que ladrar, ladrar y ladrar.<\/p>\n<p>Y los ladridos de Trump en <em>gringolandia<\/em>, son id\u00e9nticos a los de AMLO en M\u00e9xico cuando en 2006 andaba igualito que Donald Trump, ladra y ladra por un \u201cfraude electoral\u201d que no ha podido comprobar y ladraba para un recuento de \u00a1voto por voto!, \u00a1casilla por casilla! y tuvo que conformarse con una \u201cmordida\u201d autoproclam\u00e1ndose como \u201cpresidente leg\u00edtimo\u201d de M\u00e9xico.<\/p>\n<p>Y dicen en mi tierra que a los <em>amigous<\/em> se les conoce en las buenas y en las malas, as\u00ed que don Andr\u00e9s Manuel L\u00f3pez Obrador deber\u00eda acudir y con urgencia en auxilio de su amigou Donald Trump, asesor\u00e1ndolo sobre c\u00f3mo poner patas pa\u00b4rriba a una naci\u00f3n en un conflicto poselectoral.<\/p>\n<p>AMLO podr\u00eda darle c\u00e1tedra sobre c\u00f3mo hacerse la v\u00edctima desconociendo su derrota, c\u00f3mo patalear de lo lindo, c\u00f3mo ladrar y culpar al Estado profundo, es decir, la otra \u201cmafia del poder\u201d en los <em>yunaites<\/em> por un \u201ccompl\u00f3\u201d en su contra. Y ya que Donald Trump a sitiado con barricadas hist\u00f3ricamente a la Casa Blanca para que el pueblo que dividi\u00f3 y enfrent\u00f3 no se le vaya a echar encima, tambi\u00e9n AMLO le podr\u00eda aconsejar c\u00f3mo poner en jaque a los puntos neur\u00e1lgicos del capitalismo norteamericano con la instalaci\u00f3n de un plant\u00f3n indefinido en la Avenida de Pensilvania, sitiar el pent\u00e1gono y las principales instituciones republicanas de Estados Unidos. Y para cubrirse de gloria, AMLO deber\u00eda mandarle al <em>superdinosaurio<\/em>, Manuel Bartlett, experto en ca\u00eddas de sistemas electorales, recuentos de votos para que se multipliquen como el milagro b\u00edblico y muchas otras artes de la defraudaci\u00f3n electoral.<\/p>\n<p>Hasta este jueves 6 de noviembre, pasado el mediod\u00eda, Donald Trump acumulaba 214 votos del Colegio Electoral y despu\u00e9s de ladrar \u201c\u00a1paren el recuento en Pensilvania!\u201d que le representar\u00eda 20 votos del Colegio Electoral, su oponente Joe Biden estaba a solamente 6 votos de lograr la marca m\u00e1gica de 270 votos para convertirse en el presidente n\u00famero 46 de los <em>yunaites<\/em> a sus 77 a\u00f1os que lo ubicar\u00eda como el presidente m\u00e1s veterano de Estados Unidos.<\/p>\n<p>De confirmarse oficialmente el triunfo de Biden, tendr\u00eda ante s\u00ed un reto monumental de volver a pegar lo que Donald Trump despeg\u00f3 con sus ladridos y mordidas fracturando al imperio norteamericano, evidenciando que el sistema electoral norteamericano est\u00e1 caduco y necesita urgentemente reformas, pues no se puede concebir un sistema electoral bananero o tercermundista en lo que es la primera potencia econ\u00f3mica y militar del mundo. Biden tendr\u00eda que convertirse en algo as\u00ed como en el padre refundador de los Estados Unidos y dejar que Donald Trump siga ladrando, ladrando, ladrando\u2026 y esperando que cumpla uno de sus ladridos muy sonados cuando dijo que si perd\u00eda se ir\u00eda de Estados Unidos y que jam\u00e1s le volver\u00eda a hablar a nadie. \u00bfA d\u00f3nde ira que m\u00e1s valga, el perro con sus ladridos?<\/p>\n<p><a href=\"mailto:info@agenciamn.com\" target=\"_blank\" rel=\"noopener noreferrer\"><em>info@agenciamn.com<\/em><\/a><\/p>\n","protected":false},"excerpt":{"rendered":"<p><span style=\"color: #005497;\"><strong>Alberto Vieyra G.<\/strong><\/span><\/p>\n","protected":false},"author":3,"featured_media":0,"comment_status":"open","ping_status":"open","sticky":false,"template":"","format":"standard","meta":{"_monsterinsights_skip_tracking":false,"_monsterinsights_sitenote_active":false,"_monsterinsights_sitenote_note":"","_monsterinsights_sitenote_category":0,"footnotes":""},"categories":[4596],"tags":[43697,91862,43674],"class_list":["post-485787","post","type-post","status-publish","format-standard","hentry","category-alberto-vieyra-g","tag-alberto-vieyra-g","tag-de-pe-a-p","tag-opinion"],"_links":{"self":[{"href":"https:\/\/www.diarioimagen.net\/index.php?rest_route=\/wp\/v2\/posts\/485787","targetHints":{"allow":["GET"]}}],"collection":[{"href":"https:\/\/www.diarioimagen.net\/index.php?rest_route=\/wp\/v2\/posts"}],"about":[{"href":"https:\/\/www.diarioimagen.net\/index.php?rest_route=\/wp\/v2\/types\/post"}],"author":[{"embeddable":true,"href":"https:\/\/www.diarioimagen.net\/index.php?rest_route=\/wp\/v2\/users\/3"}],"replies":[{"embeddable":true,"href":"https:\/\/www.diarioimagen.net\/index.php?rest_route=%2Fwp%2Fv2%2Fcomments&post=485787"}],"version-history":[{"count":0,"href":"https:\/\/www.diarioimagen.net\/index.php?rest_route=\/wp\/v2\/posts\/485787\/revisions"}],"wp:attachment":[{"href":"https:\/\/www.diarioimagen.net\/index.php?rest_route=%2Fwp%2Fv2%2Fmedia&parent=485787"}],"wp:term":[{"taxonomy":"category","embeddable":true,"href":"https:\/\/www.diarioimagen.net\/index.php?rest_route=%2Fwp%2Fv2%2Fcategories&post=485787"},{"taxonomy":"post_tag","embeddable":true,"href":"https:\/\/www.diarioimagen.net\/index.php?rest_route=%2Fwp%2Fv2%2Ftags&post=485787"}],"curies":[{"name":"wp","href":"https:\/\/api.w.org\/{rel}","templated":true}]}}